{"id":7048488,"date":"2017-12-14T09:37:08","date_gmt":"2017-12-14T08:37:08","guid":{"rendered":"http:\/\/www.joerglipinski.de\/blog\/?p=7048488"},"modified":"2026-03-11T13:18:06","modified_gmt":"2026-03-11T12:18:06","slug":"s04-groessere-analyse-erst-nach-dem-beginn-der-winterpause","status":"publish","type":"post","link":"https:\/\/www.joerglipinski.de\/blog\/s04-groessere-analyse-erst-nach-dem-beginn-der-winterpause\/","title":{"rendered":"S04: gr\u00f6\u00dfere Analyse erst nach dem Beginn der Winterpause"},"content":{"rendered":"<p><Center><a title=\"Veltins-Arena von User:Wo st 01 (2010-06-03_Arena_AufSchalke_20.jpg) [CC BY-SA 3.0 de (https:\/\/creativecommons.org\/licenses\/by-sa\/3.0\/de\/deed.en)], via Wikimedia Commons\" href=\"https:\/\/commons.wikimedia.org\/wiki\/File%3AVeltins-Arena_Schriftzug.jpg\"><img decoding=\"async\" width=\"512\" alt=\"Veltins-Arena Schriftzug\" src=\"https:\/\/upload.wikimedia.org\/wikipedia\/commons\/6\/6c\/Veltins-Arena_Schriftzug.jpg\"\/><\/a><br \/>\n<em>Schriftzug auf dem Dach der <a href=\"https:\/\/de.wikipedia.org\/wiki\/Veltins-Arena\" rel=\"noopener\" target=\"_blank\">Veltins-Arena<\/a><\/em><\/Center><\/p>\n<p>Aufgrund der vielen Spiele in der Vorweihnachtszeit (zwei englische Wochen) und meiner momentan eher geringen verf\u00fcgbaren Zeit hoffe ich, m\u00f6glichst z\u00fcgig nach dem <a href=\"http:\/\/www.kicker.de\/news\/fussball\/dfbpokal\/spielrunde\/dfb-pokal\/2017-18\/3\/0\/spieltag.html\" rel=\"noopener\" target=\"_blank\">Pokalspiel gegen K\u00f6ln<\/a> eine etwas umfangreichere Betrachtung der letzten Begegnungen verfassen zu k\u00f6nnen. <\/p>","protected":false},"excerpt":{"rendered":"<p>Schriftzug auf dem Dach der Veltins-Arena Aufgrund der vielen Spiele in der Vorweihnachtszeit (zwei englische Wochen) und meiner momentan eher geringen verf\u00fcgbaren Zeit hoffe ich, m\u00f6glichst z\u00fcgig nach dem Pokalspiel gegen K\u00f6ln eine etwas umfangreichere Betrachtung der letzten Begegnungen verfassen<\/p>\n","protected":false},"author":2,"featured_media":0,"comment_status":"closed","ping_status":"closed","sticky":false,"template":"","format":"standard","meta":{"footnotes":""},"categories":[7],"tags":[12,21,13,25],"class_list":["post-7048488","post","type-post","status-publish","format-standard","hentry","category-fc-schalke-04","tag-bundesliga","tag-fussball","tag-schalke","tag-sport"],"_links":{"self":[{"href":"https:\/\/www.joerglipinski.de\/blog\/wp-json\/wp\/v2\/posts\/7048488","targetHints":{"allow":["GET"]}}],"collection":[{"href":"https:\/\/www.joerglipinski.de\/blog\/wp-json\/wp\/v2\/posts"}],"about":[{"href":"https:\/\/www.joerglipinski.de\/blog\/wp-json\/wp\/v2\/types\/post"}],"author":[{"embeddable":true,"href":"https:\/\/www.joerglipinski.de\/blog\/wp-json\/wp\/v2\/users\/2"}],"replies":[{"embeddable":true,"href":"https:\/\/www.joerglipinski.de\/blog\/wp-json\/wp\/v2\/comments?post=7048488"}],"version-history":[{"count":7,"href":"https:\/\/www.joerglipinski.de\/blog\/wp-json\/wp\/v2\/posts\/7048488\/revisions"}],"predecessor-version":[{"id":24398500,"href":"https:\/\/www.joerglipinski.de\/blog\/wp-json\/wp\/v2\/posts\/7048488\/revisions\/24398500"}],"wp:attachment":[{"href":"https:\/\/www.joerglipinski.de\/blog\/wp-json\/wp\/v2\/media?parent=7048488"}],"wp:term":[{"taxonomy":"category","embeddable":true,"href":"https:\/\/www.joerglipinski.de\/blog\/wp-json\/wp\/v2\/categories?post=7048488"},{"taxonomy":"post_tag","embeddable":true,"href":"https:\/\/www.joerglipinski.de\/blog\/wp-json\/wp\/v2\/tags?post=7048488"}],"curies":[{"name":"wp","href":"https:\/\/api.w.org\/{rel}","templated":true}]}}