{"id":5588405,"date":"2017-05-10T07:37:13","date_gmt":"2017-05-10T05:37:13","guid":{"rendered":"http:\/\/www.joerglipinski.de\/blog\/?p=5588405"},"modified":"2026-03-11T14:22:08","modified_gmt":"2026-03-11T13:22:08","slug":"vorzeitiges-fazit-dieser-s04-saison-immer-wenn-sie-abliefern-sollten-versagten-die-schalker-restlos","status":"publish","type":"post","link":"https:\/\/www.joerglipinski.de\/blog\/vorzeitiges-fazit-dieser-s04-saison-immer-wenn-sie-abliefern-sollten-versagten-die-schalker-restlos\/","title":{"rendered":"Vorzeitiges Fazit dieser S04-Saison: immer wenn sie abliefern sollten, versagten die Schalker restlos"},"content":{"rendered":"<p>Peinlich, peinlich, was die Mannschaft des ratlos wirkenden Cheftrainers Markus Weinzierl sich da bei der <a href=\"http:\/\/www.kicker.de\/news\/fussball\/bundesliga\/spieltag\/1-bundesliga\/2016-17\/32\/3317541\/spielbericht_sc-freiburg-7_fc-schalke-04-2.html\" target=\"_blank\">0:2-Niederlage<\/a> gegen eher biedere Freiburger leistete.<\/p>\n<p><Center><a title=\"Freiburger Fankurve von Markus Unger from Vienna, Austria (2011-10-28_Freiburg1) [CC BY 2.0 (http:\/\/creativecommons.org\/licenses\/by\/2.0)], via Wikimedia Commons\" href=\"https:\/\/commons.wikimedia.org\/wiki\/File%3A2011-10-28_Freiburg1_(6296434266).jpg\"><img decoding=\"async\" width=\"412\" alt=\"2011-10-28 Freiburg1 (6296434266)\" src=\"https:\/\/upload.wikimedia.org\/wikipedia\/commons\/e\/e8\/2011-10-28_Freiburg1_%286296434266%29.jpg\"\/><\/a><br \/>\n<em>Hatten allen Grund zur Freude: Freiburger Fankurve im <a href=\"https:\/\/de.wikipedia.org\/wiki\/Schwarzwald-Stadion\" target=\"_blank\">Schwarzwald-Stadion<\/a><\/em><\/Center><\/p>\n<p>Ideenlos, pomadig, ja \u00fcberheblich wirkend schoben sich die blau-wei\u00dfen Akteure \u00fcber weite Phasen des Spiels das runde Leder zu. Ohne jeden Anflug von Tempo oder Spielwitz, ohne ein Fitzelchen von Risikobereitschaft ob der besonderen Konstellation (der S04 musste bekanntlich gewinnen, um sich noch eine Chance auf die Europa-League zu bewahren) spulten sie ihren Part herunter.<\/p>\n<p><!--more Weiterlesen...--><\/p>\n<p>Wieder einmal bewies die Mannschaft eindrucksvoll, dass sie mit Ballbesitz aber auch so rein gar nichts anzufangen wei\u00df. Was n\u00fctzt es da, wenn man auf \u00fcberfallartige Balleroberungen setzen will, wenn man das Spielger\u00e4t doch sowieso schon meistens in den eigenen Reihen hat&#8230; <\/p>\n<p>Die Breisgauer dagegen agierten abwartend clever und legten \u00fcberfallartig los, als sie merkten dass die Ruhrpott-Kicker nur mit lauwarmem Wasser kochen wollten. Nach einer halben Stunde stand es hochverdient bereits 2:0 f\u00fcr die Freiburger, und im weiteren Verlauf der Begegnung konnten sich die Schalker nur noch bei ihrem Tormann Ralf F\u00e4hrmann bedanken, an diesem desolaten Sonntag nicht mit vier oder f\u00fcnf Gegentoren im Gep\u00e4ck wieder nach Hause fahren zu m\u00fcssen.  <\/p>\n<p>Auch jetzt f\u00e4llt es mir noch schwer, meine Entt\u00e4uschung, Wut, aber auch absolute Ratlosigkeit ob dieser neuerlichen &#8222;Nicht&#8220;-Leistung halbwegs vern\u00fcnftig zu kanalisieren und in Worte zu fassen. Eigentlich bleibt nur Sprachlosigkeit, denn ein solches Versagen auf allen Ebenen erzeugt eigentlich nichts anderes.<\/p>\n<p>Was haben sich Spieler und Trainer vor dieser Begegnung blo\u00df gedacht, was sie da im Schwarzwald erwarten wird? Eine Freiburger Truppe, die in der Hoffnung auf Europa das Spiel an sich rei\u00dfen und \u00fcber Ballbesitz zum Erfolg kommen wollte? Ausgerechnet Freiburg? Hat wirklich niemand ernsthaft damit gerechnet, dass genau das Gegenteil eintreten w\u00fcrde? <\/p>\n<p>Aber was schreibe ich da eigentlich? Es ist ja nicht die erste Saison, in der die Schalker echte Probleme dabei haben, gegen dicht stehende Abwehrreihen das Spiel zu machen und nicht auch noch in etliche Konter zu laufen. Ist ja sch\u00f6n, wenn Weinzierl ein System einf\u00fchren will, bei dem es streng genommen darum geht, genau solche Situationen zu vermeiden.<\/p>\n<p>Was aber, wenn der Gegner da nicht mitmacht? Muss man dann nicht trotzdem in der Lage sein, Ball und Kontrahenten laufen zu lassen und mit Tempowechseln und sicheren Anspielen Gefahr vor dem Kasten auf der anderen Seite hervorrufen zu k\u00f6nnen? Ist es da eine Entschuldigung, wenn andere Teams, von denen so etwas ebenfalls erwartet wird, zur Zeit \u00e4hnliche Probleme haben, siehe Bayer Leverkusen oder Borussia M\u00f6nchengladbach?    <\/p>\n<p>Wie auch immer, die desolate Vorstellung in Freiburg war mal wieder ein echter Offenbarungseid, sowohl was Mannschaft als auch das Trainerteam angeht. Ist Weinzierl wom\u00f6glich mit seiner Kunst schon am Ende? Erreicht er die Spieler \u00fcberhaupt noch? Oder h\u00f6ren sie ihm eigentlich noch zu? Kann er es mit einem so schwierigen Kader auf diesem Niveau schaffen?<\/p>\n<p>Der ehemalige Schalker Keeper Jens Lehmann brachte es bei Sky90 meiner Ansicht nach auf einen richtigen Nenner: Es sei etwas v\u00f6llig anderes, mit einem Underdog wie dem FC Augsburg ohne jede Erwartungshaltung auf die Gegner zu <strong>reagieren<\/strong> als in einem so schwierigen aber auch anspruchsvollen Umfeld wie in Gelsenkirchen unter einem gewissen Druck zu <strong>agieren<\/strong>. Offensichtlich sei Weinzierl dieser Aufgabe nicht wirklich gewachsen.<\/p>\n<p>Scheinbar trifft diese Aussage auf die Causa &#8222;\u00dcbungsleiter&#8220; im Falle Schalke 04 durchaus zu, doch was soll dann die Konsequenz daraus sein? Wieder einmal den Trainer feuern? Die j\u00fcngere Geschichte in Gelsenkirchen mit durchschnittlich einer Saison pro Trainer spricht dagegen, dies als eine besonders gute L\u00f6sung anzusehen.<\/p>\n<p>Und die Spieler? Kann man sie so einfach au\u00dfen vorlassen, wenn man doch feststellt, dass da keine Mannschaft auf dem Platz steht? Keine eingeschworene Truppe wie der SC Freiburg, der es immer wieder schafft, auch nach hohen Niederlagen die Motivation nicht zu verlieren? Muss der von Christian Heidel eingel\u00e4utete Umbruch nicht noch versch\u00e4rfter weitergehen?<\/p>\n<p>Apropos Sportdirektor&#8230;Wie sieht die Transferbilanz des neuen starken Mannes am Schalker Ruder aus? Die Bentalebs, Stamboulis, Burgstallers, Caligiuris und Konoplyankas? Wer soll bleiben, wer kann wieder gehen?<\/p>\n<p>Ehrlich gesagt, im Moment habe ich auf alle diese Fragen keine wirklichen Antworten parat. Ganz im Gegenteil bin ich ratlos und m\u00fcde, wenn es um meinen Lieblingsverein geht. Ganz im Gegenteil w\u00fcnsche ich mir wieder einmal das Ende der Saison herbei&#8230;<\/p>\n<p>Wenn es aber mal wieder soweit gekommen ist, was bleibt da noch von der Aufbruchs-stimmung, mit der Heidel und Weinzierl im letzten Sommer hier angefangen haben?<\/p>","protected":false},"excerpt":{"rendered":"<p>Peinlich, peinlich, was die Mannschaft des ratlos wirkenden Cheftrainers Markus Weinzierl sich da bei der 0:2-Niederlage gegen eher biedere Freiburger leistete. Hatten allen Grund zur Freude: Freiburger Fankurve im Schwarzwald-Stadion Ideenlos, pomadig, ja \u00fcberheblich wirkend schoben sich die blau-wei\u00dfen Akteure<\/p>\n","protected":false},"author":2,"featured_media":0,"comment_status":"closed","ping_status":"closed","sticky":false,"template":"","format":"standard","meta":{"footnotes":""},"categories":[7],"tags":[12,45,21,13,25],"class_list":["post-5588405","post","type-post","status-publish","format-standard","hentry","category-fc-schalke-04","tag-bundesliga","tag-europa-league","tag-fussball","tag-schalke","tag-sport"],"_links":{"self":[{"href":"https:\/\/www.joerglipinski.de\/blog\/wp-json\/wp\/v2\/posts\/5588405","targetHints":{"allow":["GET"]}}],"collection":[{"href":"https:\/\/www.joerglipinski.de\/blog\/wp-json\/wp\/v2\/posts"}],"about":[{"href":"https:\/\/www.joerglipinski.de\/blog\/wp-json\/wp\/v2\/types\/post"}],"author":[{"embeddable":true,"href":"https:\/\/www.joerglipinski.de\/blog\/wp-json\/wp\/v2\/users\/2"}],"replies":[{"embeddable":true,"href":"https:\/\/www.joerglipinski.de\/blog\/wp-json\/wp\/v2\/comments?post=5588405"}],"version-history":[{"count":22,"href":"https:\/\/www.joerglipinski.de\/blog\/wp-json\/wp\/v2\/posts\/5588405\/revisions"}],"predecessor-version":[{"id":24398564,"href":"https:\/\/www.joerglipinski.de\/blog\/wp-json\/wp\/v2\/posts\/5588405\/revisions\/24398564"}],"wp:attachment":[{"href":"https:\/\/www.joerglipinski.de\/blog\/wp-json\/wp\/v2\/media?parent=5588405"}],"wp:term":[{"taxonomy":"category","embeddable":true,"href":"https:\/\/www.joerglipinski.de\/blog\/wp-json\/wp\/v2\/categories?post=5588405"},{"taxonomy":"post_tag","embeddable":true,"href":"https:\/\/www.joerglipinski.de\/blog\/wp-json\/wp\/v2\/tags?post=5588405"}],"curies":[{"name":"wp","href":"https:\/\/api.w.org\/{rel}","templated":true}]}}