{"id":4821477,"date":"2017-05-08T07:37:12","date_gmt":"2017-05-08T05:37:12","guid":{"rendered":"http:\/\/www.joerglipinski.de\/blog\/?p=4821477"},"modified":"2026-03-11T14:15:00","modified_gmt":"2026-03-11T13:15:00","slug":"josef-steindl-ueber-keynes-kalecki-und-die-neoklassische-synthese","status":"publish","type":"post","link":"https:\/\/www.joerglipinski.de\/blog\/josef-steindl-ueber-keynes-kalecki-und-die-neoklassische-synthese\/","title":{"rendered":"Josef Steindl \u00fcber Keynes, Kalecki und die neoklassische Synthese"},"content":{"rendered":"<p><Center><a title=\"Wirtschaftsuniversit\u00e4t Wien von Geiserich77 (Photo taken by Geiserich77) [GFDL (http:\/\/www.gnu.org\/copyleft\/fdl.html) oder CC-BY-SA-3.0 (http:\/\/creativecommons.org\/licenses\/by-sa\/3.0\/)], via Wikimedia Commons\" href=\"https:\/\/commons.wikimedia.org\/wiki\/File%3AHochschule_Welthandel_Wien.jpg\"><img decoding=\"async\" width=\"312\" alt=\"Hochschule Welthandel Wien\" src=\"https:\/\/upload.wikimedia.org\/wikipedia\/commons\/f\/f8\/Hochschule_Welthandel_Wien.jpg\"\/><\/a><br \/>\n<em>Altes Geb\u00e4ude der <a href=\"https:\/\/de.wikipedia.org\/wiki\/Wirtschaftsuniversit%C3%A4t_Wien\" target=\"_blank\">Wirtschaftsuniversit\u00e4t Wien<\/a>, in der <a href=\"https:\/\/en.wikipedia.org\/wiki\/Josef_Steindl\" target=\"_blank\">Josef Steindl<\/a> 1970<br \/>\nals Honorarprofessor t\u00e4tig war<\/em><\/Center><\/p>\n<p>Man mag sich versucht f\u00fchlen, den Begriff <a href=\"https:\/\/de.wikipedia.org\/wiki\/Paradigma\" target=\"_blank\">Paradigma<\/a> auf die Ver\u00e4nderungen der \u00f6konomischen Lehren und besonders auf die gro\u00dfe, von <a href=\"https:\/\/de.wikipedia.org\/wiki\/John_Maynard_Keynes\" target=\"_blank\">Keynes<\/a> und <a href=\"https:\/\/de.wikipedia.org\/wiki\/Micha%C5%82_Kalecki\" target=\"_blank\">Kalecki<\/a> herbeigef\u00fchrte <a href=\"https:\/\/de.wikipedia.org\/wiki\/Keynesianismus\" target=\"_blank\">Revolution<\/a> anzuwenden. <\/p>\n<p>Wenn man allerdings die gro\u00dfe Masse der \u00f6konomischen Profession betrachtet, erscheint dieser Begriff jedoch unangebracht. <\/p>\n<p>Keynes wurde nie von mehr als einer Minderheit akzeptiert. Kaleckis Bedeutung ist au\u00dferhalb eines kleinen Kreises kaum bekannt. Die dominierende Doktrin war die <a href=\"https:\/\/de.wikipedia.org\/wiki\/Neoklassische_Synthese\" target=\"_blank\">neoklassische Synthese<\/a>, ein heilloser Mischmasch an Ideen. <\/p>\n<p>Ich glaube nicht, dass ich \u00fcberm\u00e4\u00dfig oberfl\u00e4chlich erscheine, wenn ich anstelle von Dogmen von verschiedenen &#8222;Modeerscheinungen&#8220; innerhalb der \u00d6konomie rede.<\/p>\n<p><em>Josef Steindl in <a href=\"https:\/\/archive.monthlyreview.org\/index.php\/mr\/article\/view\/MR-036-09-1985-02_3\" target=\"_blank\">&#8222;Reflections on the Present State of Economics&#8220;<\/a>, Monthly Review 36, Nr. 9 (February 1985)<\/p>\n<p>Zitiert von <a href=\"https:\/\/www.researchgate.net\/profile\/Nina_Shapiro\" target=\"_blank\">Nina Shapiro<\/a> in <a href=\"http:\/\/monthlyreview.org\/2012\/07\/01\/keynes-steindl-and-the-critique-of-austerity-economics\" target=\"_blank\">Keynes, Steindl, and the Critique of Austerity Economics<\/a><\/em><\/p>","protected":false},"excerpt":{"rendered":"<p>Altes Geb\u00e4ude der Wirtschaftsuniversit\u00e4t Wien, in der Josef Steindl 1970 als Honorarprofessor t\u00e4tig war Man mag sich versucht f\u00fchlen, den Begriff Paradigma auf die Ver\u00e4nderungen der \u00f6konomischen Lehren und besonders auf die gro\u00dfe, von Keynes und Kalecki herbeigef\u00fchrte Revolution anzuwenden.<\/p>\n","protected":false},"author":2,"featured_media":0,"comment_status":"closed","ping_status":"closed","sticky":false,"template":"","format":"standard","meta":{"footnotes":""},"categories":[3],"tags":[43,44,18],"class_list":["post-4821477","post","type-post","status-publish","format-standard","hentry","category-oekonomie","tag-keynes","tag-volkswirtschaftslehre","tag-wirtschaft"],"_links":{"self":[{"href":"https:\/\/www.joerglipinski.de\/blog\/wp-json\/wp\/v2\/posts\/4821477","targetHints":{"allow":["GET"]}}],"collection":[{"href":"https:\/\/www.joerglipinski.de\/blog\/wp-json\/wp\/v2\/posts"}],"about":[{"href":"https:\/\/www.joerglipinski.de\/blog\/wp-json\/wp\/v2\/types\/post"}],"author":[{"embeddable":true,"href":"https:\/\/www.joerglipinski.de\/blog\/wp-json\/wp\/v2\/users\/2"}],"replies":[{"embeddable":true,"href":"https:\/\/www.joerglipinski.de\/blog\/wp-json\/wp\/v2\/comments?post=4821477"}],"version-history":[{"count":20,"href":"https:\/\/www.joerglipinski.de\/blog\/wp-json\/wp\/v2\/posts\/4821477\/revisions"}],"predecessor-version":[{"id":13785889,"href":"https:\/\/www.joerglipinski.de\/blog\/wp-json\/wp\/v2\/posts\/4821477\/revisions\/13785889"}],"wp:attachment":[{"href":"https:\/\/www.joerglipinski.de\/blog\/wp-json\/wp\/v2\/media?parent=4821477"}],"wp:term":[{"taxonomy":"category","embeddable":true,"href":"https:\/\/www.joerglipinski.de\/blog\/wp-json\/wp\/v2\/categories?post=4821477"},{"taxonomy":"post_tag","embeddable":true,"href":"https:\/\/www.joerglipinski.de\/blog\/wp-json\/wp\/v2\/tags?post=4821477"}],"curies":[{"name":"wp","href":"https:\/\/api.w.org\/{rel}","templated":true}]}}