{"id":24352321,"date":"2025-05-19T09:53:09","date_gmt":"2025-05-19T07:53:09","guid":{"rendered":"http:\/\/www.joerglipinski.de\/blog\/?p=24352321"},"modified":"2026-04-14T15:31:20","modified_gmt":"2026-04-14T13:31:20","slug":"s04-14-platz-2-bundesliga-tiefpunkt-einer-entwicklung","status":"publish","type":"post","link":"https:\/\/www.joerglipinski.de\/blog\/s04-14-platz-2-bundesliga-tiefpunkt-einer-entwicklung\/","title":{"rendered":"S04: 14. Platz 2. Bundesliga &#8211; Tiefpunkt einer Entwicklung"},"content":{"rendered":"<p>Was auch immer andere Blogger \u00fcber den derzeitigen Stand der Dinge bei meinem Lieblingsklub Schalke 04 so schreiben m\u00f6gen, mir fehlen momentan eher die Worte um dieses Desaster zu be-schreiben.<\/p>\n<p><center><a title=\"Orchi, CC BY-SA 3.0 &lt;http:\/\/creativecommons.org\/licenses\/by-sa\/3.0\/&gt;, via Wikimedia Commons\" href=\"https:\/\/commons.wikimedia.org\/wiki\/File:Schalke_04_Fans_664.jpg\"><img decoding=\"async\" width=\"412\" alt=\"Schalke 04 Fans 664\" src=\"https:\/\/upload.wikimedia.org\/wikipedia\/commons\/b\/b2\/Schalke_04_Fans_664.jpg\"><\/a><br \/>\n<em>Erinnerung an eine bessere Zeit: Schalke-Fans in der Veltins Arena<\/em><\/center><\/p>\n<p>Eine seelenlose Mannschaft ohne jeglichen Biss, ein bem\u00fchter aber doch hilfloser U23-Trainer, ein <a href=\"https:\/\/www.kicker.de\/pierre-michel-lasogga\/spieler\" target=\"_blank\">Fu\u00dfball-Rentner<\/a>, der s\u00e4mtliche Profis der Knappen d\u00fcpiert: ich wei\u00df nicht, ob damit der letzte Spieltag der Saison vollumf\u00e4nglich erfasst werden kann, doch mir fehlt jegliche Lust, mich mehr mit der <a href=\"https:\/\/www.kicker.de\/schalke-gegen-elversberg-2025-bundesliga-4937384\/analyse\" target=\"_blank\">1:2-Niederlage gegen Elversberg<\/a> zu besch\u00e4ftigen. <\/p>\n<p><!--more Weiterlesen...--><\/p>\n<p>Dem <a href=\"https:\/\/www.kicker.de\/mulder-das-ist-in-der-birne-nicht-im-herzen-1120094\/artikel\" target=\"_blank\">Saisonfazit<\/a> des Kicker mag ich auch nicht viel hinzuf\u00fcgen, nur dies noch: es bedarf einer echten  Mammutanstrengung in diesem Sommer, damit der Verein nicht noch tiefer in den Sumpf rutscht. <\/p>\n<p>Meine einzige Hoffnung ist da eigentlich nur <a href=\"https:\/\/de.wikipedia.org\/wiki\/Frank_Baumann\" target=\"_blank\">Frank Baumann<\/a>, der ab dem 01.06. den Posten des Sport-Vorstandes \u00fcbernimmt. Mit ihm kommt ein echter Fachmann ans Berger Feld, der beim SV Werder Bremen \u00fcber Jahre hinaus seine Expertise eindr\u00fccklich nachweisen konnte.<\/p>\n<p>Mit Sport-Direktor Youri Mulder und Chefscout Ben Manga sollte er ein geeignetes Triumvirat bilden, um eine neue zweitligataugliche Mannschaft aufzustellen und einen geeigneten \u00dcbungsleiter zu finden. Dabei muss allerdings jedem klar sein, dass es zun\u00e4chst nur um das \u00dcberleben des Vereins und damit um die Vermeidung des Abstiegs in die 3. Liga gehen kann. <\/p>\n<p>Tr\u00e4ume von einer eventuellen R\u00fcckkehr in die Bundesliga oder sogar von internationalen Wettbewerben geh\u00f6ren f\u00fcr die n\u00e4chsten Jahre in die Kategorie &#8222;V\u00f6llig unrealistisch&#8220;, wer etwas anderes behauptet kann einfach nicht mehr ernst genommen werden.<\/p>\n<p>In diesem Zusammenhang muss auch \u00fcber die weitere Zukunft von Aufsichtsrat-Chef Axel Hefer und vor allem des Vorstandsvorsitzenden Matthias Tillmann geredet werden. Selbst die Ultras der UGE zeigten am <a href=\"https:\/\/www.reviersport.de\/fankurve\/a\/a616219---schalke-ultras-kritisieren-vorstand-aufsichtsrat-ergebnis-eurer-arbeit.html\" target=\"_blank\">letzten Spieltag deutliche Unzufriedenheit mit der Arbeit der F\u00fchrungsgremien<\/a>, es d\u00fcrfte dem Verein also mal wieder ein hei\u00dfer Sommer bevorstehen&#8230; <\/p>","protected":false},"excerpt":{"rendered":"<p>Was auch immer andere Blogger \u00fcber den derzeitigen Stand der Dinge bei meinem Lieblingsklub Schalke 04 so schreiben m\u00f6gen, mir fehlen momentan eher die Worte um dieses Desaster zu be-schreiben. Erinnerung an eine bessere Zeit: Schalke-Fans in der Veltins Arena<\/p>\n","protected":false},"author":2,"featured_media":0,"comment_status":"closed","ping_status":"closed","sticky":false,"template":"","format":"standard","meta":{"footnotes":""},"categories":[7],"tags":[52,21,13,25],"class_list":["post-24352321","post","type-post","status-publish","format-standard","hentry","category-fc-schalke-04","tag-2-bundesliga","tag-fussball","tag-schalke","tag-sport"],"_links":{"self":[{"href":"https:\/\/www.joerglipinski.de\/blog\/wp-json\/wp\/v2\/posts\/24352321","targetHints":{"allow":["GET"]}}],"collection":[{"href":"https:\/\/www.joerglipinski.de\/blog\/wp-json\/wp\/v2\/posts"}],"about":[{"href":"https:\/\/www.joerglipinski.de\/blog\/wp-json\/wp\/v2\/types\/post"}],"author":[{"embeddable":true,"href":"https:\/\/www.joerglipinski.de\/blog\/wp-json\/wp\/v2\/users\/2"}],"replies":[{"embeddable":true,"href":"https:\/\/www.joerglipinski.de\/blog\/wp-json\/wp\/v2\/comments?post=24352321"}],"version-history":[{"count":9,"href":"https:\/\/www.joerglipinski.de\/blog\/wp-json\/wp\/v2\/posts\/24352321\/revisions"}],"predecessor-version":[{"id":24375640,"href":"https:\/\/www.joerglipinski.de\/blog\/wp-json\/wp\/v2\/posts\/24352321\/revisions\/24375640"}],"wp:attachment":[{"href":"https:\/\/www.joerglipinski.de\/blog\/wp-json\/wp\/v2\/media?parent=24352321"}],"wp:term":[{"taxonomy":"category","embeddable":true,"href":"https:\/\/www.joerglipinski.de\/blog\/wp-json\/wp\/v2\/categories?post=24352321"},{"taxonomy":"post_tag","embeddable":true,"href":"https:\/\/www.joerglipinski.de\/blog\/wp-json\/wp\/v2\/tags?post=24352321"}],"curies":[{"name":"wp","href":"https:\/\/api.w.org\/{rel}","templated":true}]}}