{"id":23463249,"date":"2024-01-16T08:57:36","date_gmt":"2024-01-16T07:57:36","guid":{"rendered":"http:\/\/www.joerglipinski.de\/blog\/?p=23463249"},"modified":"2026-04-22T11:16:38","modified_gmt":"2026-04-22T09:16:38","slug":"dont-forget-die-krise-in-griechenland-es-haette-nicht-so-kommen-muessen","status":"publish","type":"post","link":"https:\/\/www.joerglipinski.de\/blog\/dont-forget-die-krise-in-griechenland-es-haette-nicht-so-kommen-muessen\/","title":{"rendered":"Don&#8217;t forget: Die Krise in Griechenland &#8211; es h\u00e4tte nicht so kommen m\u00fcssen!!"},"content":{"rendered":"<p>Dann kam der Kardinalfehler: Im <a href=\"https:\/\/de.wikipedia.org\/wiki\/Internationaler_W%C3%A4hrungsfonds\" target=\"_blank\" rel=\"noopener\">IWF<\/a>-Vorstand setzten die Europ\u00e4er und Amerikaner trotz <a href=\"https:\/\/www.wsj.com\/articles\/SB10001424052702304441404579119180237594344\" target=\"_blank\" rel=\"noopener\">heftiger Opposition mehrerer Exekutivdirektoren<\/a> ein Rettungspaket durch, das den griechischen Privat-gl\u00e4ubigern entgegen den Regeln des Fonds keinerlei Verluste aufzwang. <\/p>\n<p><Center><a title=\"Krise in Griechenland von Alex1011 (Own work) [CC BY-SA 3.0 (http:\/\/creativecommons.org\/licenses\/by-sa\/3.0)], via Wikimedia Commons\" href=\"https:\/\/commons.wikimedia.org\/wiki\/File%3AGRSchuKrise.png\"><img decoding=\"async\" width=\"512\" alt=\"GRSchuKrise\" src=\"https:\/\/upload.wikimedia.org\/wikipedia\/commons\/2\/28\/GRSchuKrise.png\"\/><\/a><br \/>\n<em>Griechenlands Bruttoinlandsprodukt (BIP) sowie die Staatsverschuldung in Mrd. Euro<br \/>\nund in % des BIP w\u00e4hrend der Krise<\/em><\/Center><\/p>\n<p>Die Entscheidung beruhte auf der falschen Annahme, nach der die &#8222;Umstrukturierung&#8220; der privaten Schulden eine globale Finanzkrise ausl\u00f6sen w\u00fcrde.<\/p>\n<p><!--more Weiterlesen...--><\/p>\n<p>So liehen die europ\u00e4ischen Regierungen und der IWF Griechenland eine riesige Summe, um seine bestehenden Gl\u00e4ubiger auszuzahlen. Die Schuldenlast Griechenlands blieb trotzdem unver\u00e4ndert und weiterhin enorm belastend, und die am wenigsten gesch\u00fctzten griechischen B\u00fcrger waren gezwungen, eine l\u00e4hmende Austerit\u00e4t zu akzeptieren, um die neuen offiziellen Gl\u00e4ubiger des Landes bedienen zu k\u00f6nnen. Die Wirtschaft ging schnell und vorhersagbar auf Talfahrt.<\/p>\n<p>Selbst als der IWF die Fehler in seinen Ma\u00dfnahmen erkannte, \u00e4nderte er daran nichts. Ein interner <a href=\"https:\/\/www.wsj.com\/articles\/SB10001424127887324299104578527202781667088\" target=\"_blank\" rel=\"noopener\">&#8222;streng vertraulicher&#8220;<\/a> Bericht, <a href=\"https:\/\/www.imf.org\/external\/pubs\/ft\/scr\/2013\/cr13156.pdf\" target=\"_blank\" rel=\"noopener\">der sp\u00e4ter \u00f6ffentlich bekannt gegeben wurde<\/a>, erkannte an, dass das Programm mit &#8222;bemerkens-werten Fehlern&#8220; gespickt war, einschlie\u00dflich des Mangels an privaten Umschuldungen und der Verordnung extensiver, \u00fcberm\u00e4\u00dfiger Austerit\u00e4t.<br \/>\n&#8230;<\/p>\n<p><em>Der indische \u00d6konom <a href=\"https:\/\/de.wikipedia.org\/wiki\/Ashoka_Mody\" target=\"_blank\" rel=\"noopener\">Ashoka Mody<\/a> in einem schon \u00e4lteren <a href=\"https:\/\/www.bloomberg.com\/view\/articles\/2017-02-03\/the-imf-should-get-out-of-greece\" target=\"_blank\" rel=\"noopener\">Artikel auf Bloomberg.com<\/a><\/em><\/p>","protected":false},"excerpt":{"rendered":"<p>Dann kam der Kardinalfehler: Im IWF-Vorstand setzten die Europ\u00e4er und Amerikaner trotz heftiger Opposition mehrerer Exekutivdirektoren ein Rettungspaket durch, das den griechischen Privat-gl\u00e4ubigern entgegen den Regeln des Fonds keinerlei Verluste aufzwang. Griechenlands Bruttoinlandsprodukt (BIP) sowie die Staatsverschuldung in Mrd. Euro<\/p>\n","protected":false},"author":2,"featured_media":0,"comment_status":"closed","ping_status":"closed","sticky":false,"template":"","format":"standard","meta":{"footnotes":""},"categories":[3],"tags":[47,32,29,44,18],"class_list":["post-23463249","post","type-post","status-publish","format-standard","hentry","category-oekonomie","tag-austeritaet","tag-schulden","tag-sparen","tag-volkswirtschaftslehre","tag-wirtschaft"],"_links":{"self":[{"href":"https:\/\/www.joerglipinski.de\/blog\/wp-json\/wp\/v2\/posts\/23463249","targetHints":{"allow":["GET"]}}],"collection":[{"href":"https:\/\/www.joerglipinski.de\/blog\/wp-json\/wp\/v2\/posts"}],"about":[{"href":"https:\/\/www.joerglipinski.de\/blog\/wp-json\/wp\/v2\/types\/post"}],"author":[{"embeddable":true,"href":"https:\/\/www.joerglipinski.de\/blog\/wp-json\/wp\/v2\/users\/2"}],"replies":[{"embeddable":true,"href":"https:\/\/www.joerglipinski.de\/blog\/wp-json\/wp\/v2\/comments?post=23463249"}],"version-history":[{"count":11,"href":"https:\/\/www.joerglipinski.de\/blog\/wp-json\/wp\/v2\/posts\/23463249\/revisions"}],"predecessor-version":[{"id":24411202,"href":"https:\/\/www.joerglipinski.de\/blog\/wp-json\/wp\/v2\/posts\/23463249\/revisions\/24411202"}],"wp:attachment":[{"href":"https:\/\/www.joerglipinski.de\/blog\/wp-json\/wp\/v2\/media?parent=23463249"}],"wp:term":[{"taxonomy":"category","embeddable":true,"href":"https:\/\/www.joerglipinski.de\/blog\/wp-json\/wp\/v2\/categories?post=23463249"},{"taxonomy":"post_tag","embeddable":true,"href":"https:\/\/www.joerglipinski.de\/blog\/wp-json\/wp\/v2\/tags?post=23463249"}],"curies":[{"name":"wp","href":"https:\/\/api.w.org\/{rel}","templated":true}]}}