{"id":8250,"date":"2013-09-25T09:08:31","date_gmt":"2013-09-25T07:08:31","guid":{"rendered":"http:\/\/www.joerglipinski.de\/blog\/?p=8250"},"modified":"2024-11-07T08:39:56","modified_gmt":"2024-11-07T07:39:56","slug":"keine-radsport-weltmeisterschaft-bei-eurosport","status":"publish","type":"post","link":"http:\/\/www.joerglipinski.de\/blog\/keine-radsport-weltmeisterschaft-bei-eurosport\/","title":{"rendered":"Keine Radsport-Weltmeisterschaft bei Eurosport"},"content":{"rendered":"<p>So wie es aussieht, zeigt der Spartensender Eurosport leider keine Bilder von der diesj\u00e4hrigen Radsport-WM (22. bis 29. September) in Verona.<\/p>\n<p><center><img decoding=\"async\" src=\"http:\/\/www.joerglipinski.de\/bilder\/sonstiges\/eurosport_wm1.jpg\" width=\"358\" alt=\"Keine Radsport-WM bei Eurosport\" \/><\/center><\/p>\n<p>Der Radsportweltverband UCI hatte die \u00dcbertragungsrechte f\u00fcr dieses Jahr an die Schweizer Agentur Infront vergeben, mit der Eurosport sich aber offenbar nicht \u00fcber Live-Bilder einigen konnte.<\/p>\n<p><!--more Weiterlesen...--><\/p>\n<p>Wer trotzdem auf dem Laufenden bleiben will, ist entweder auf das Schweizer Fernsehen (sofern man es \u00fcberhaupt empf\u00e4ngt) oder auf das Internet angewiesen.<\/p>\n<p>Auch die \u00d6ffentlich-Rechtlichen halten sich extrem zur\u00fcck, anstelle von Live-\u00dcbertragungen gibt es wohl nur Zusammenfassungen in den bekannten Sportsendungen (siehe <a href=\"http:\/\/www.rad-net.de\/nachrichten\/strassen-wm-keine-live-bilder-im-deutschen-tv-ard-zuschauer-kein-grosses-interesse;n_31092.html\" title=\"Stra\u00dfen-WM: Keine Live-Bilder im deutschen TV - ARD: \u00abZuschauer kein gro\u00dfes Interesse\u00bb\" target=\"_blank\" rel=\"noopener\">Stra\u00dfen-WM: Keine Live-Bilder im deutschen TV &#8211; ARD: \u00abZuschauer kein gro\u00dfes Interesse\u00bb<\/a>).<\/p>\n<p>Auf Facebook \u00e4u\u00dferte sich Eurosport dazu so:<\/p>\n<blockquote><p> In diesem Jahr bereitet uns als paneurop\u00e4ischen Sender allerdings die Strategie des Rechtehalters, der die Programmrechte auf einer nationalen und nicht auf einer europaweiten Basis vermarktet, Probleme. Am Ende haben wir leider keine Einigung mit dem Rechtehalter erzielt und k\u00f6nnen die UCI WM deshalb leider nicht f\u00fcr die vielen Radsportfans \u00fcbertragen. <\/p><\/blockquote>\n<p>Einerseits ist es nat\u00fcrlich sehr schade, dass Eurosport die Weltmeisterschaft nicht live \u00fcbertragen kann, doch sollte man dabei nicht vergessen, dass der Sender in diesem Jahr schon sehr viel Radsport (neben den drei gro\u00dfen Rundfahrten auch sehr viele kleinere Events z. B. in Norwegen oder England) gezeigt hat.<\/p>\n<p>Wenn man also einen Schuldigen suchen will, so sollte man sich dabei auf die Rolle der UCI bei der Rechte-Vergabe beschr\u00e4nken. Es kann nicht sein, dass man im Bestreben, so viel wie m\u00f6glich damit zu verdienen, die besonderen Strukturen eines europ\u00e4isch orientierten und ausgerichteten Senders einfach au\u00dfer acht l\u00e4\u00dft.<\/p>\n<p>Schon gar nicht auf dem R\u00fccken der Zuschauer und Fans. Soweit ich wei\u00df, ist es doch eines der Ziele der UCI, f\u00fcr die Weiterentwicklung und -verbreitung des Radsports zu sorgen. Mit dieser Entscheidung hat man offenbar dem eigenen Bestreben in dieser Richtung einen echten B\u00e4rendienst erwiesen.<\/p>\n<p>Schade eigentlich und der gemeinsamen Sache von UCI, Eurosport und Fans sicherlich nicht dienlich. <\/p>","protected":false},"excerpt":{"rendered":"<p>So wie es aussieht, zeigt der Spartensender Eurosport leider keine Bilder von der diesj\u00e4hrigen Radsport-WM (22. bis 29. September) in Verona. Der Radsportweltverband UCI hatte die \u00dcbertragungsrechte f\u00fcr dieses Jahr an die Schweizer Agentur Infront vergeben, mit der Eurosport sich<\/p>\n","protected":false},"author":2,"featured_media":0,"comment_status":"closed","ping_status":"closed","sticky":false,"template":"","format":"standard","meta":{"footnotes":""},"categories":[2],"tags":[31,17,25,19],"class_list":["post-8250","post","type-post","status-publish","format-standard","hentry","category-radsport","tag-eurosport","tag-radrennen","tag-sport","tag-tour"],"_links":{"self":[{"href":"http:\/\/www.joerglipinski.de\/blog\/wp-json\/wp\/v2\/posts\/8250","targetHints":{"allow":["GET"]}}],"collection":[{"href":"http:\/\/www.joerglipinski.de\/blog\/wp-json\/wp\/v2\/posts"}],"about":[{"href":"http:\/\/www.joerglipinski.de\/blog\/wp-json\/wp\/v2\/types\/post"}],"author":[{"embeddable":true,"href":"http:\/\/www.joerglipinski.de\/blog\/wp-json\/wp\/v2\/users\/2"}],"replies":[{"embeddable":true,"href":"http:\/\/www.joerglipinski.de\/blog\/wp-json\/wp\/v2\/comments?post=8250"}],"version-history":[{"count":20,"href":"http:\/\/www.joerglipinski.de\/blog\/wp-json\/wp\/v2\/posts\/8250\/revisions"}],"predecessor-version":[{"id":315927,"href":"http:\/\/www.joerglipinski.de\/blog\/wp-json\/wp\/v2\/posts\/8250\/revisions\/315927"}],"wp:attachment":[{"href":"http:\/\/www.joerglipinski.de\/blog\/wp-json\/wp\/v2\/media?parent=8250"}],"wp:term":[{"taxonomy":"category","embeddable":true,"href":"http:\/\/www.joerglipinski.de\/blog\/wp-json\/wp\/v2\/categories?post=8250"},{"taxonomy":"post_tag","embeddable":true,"href":"http:\/\/www.joerglipinski.de\/blog\/wp-json\/wp\/v2\/tags?post=8250"}],"curies":[{"name":"wp","href":"https:\/\/api.w.org\/{rel}","templated":true}]}}