{"id":553266,"date":"2015-01-12T11:16:39","date_gmt":"2015-01-12T10:16:39","guid":{"rendered":"http:\/\/www.joerglipinski.de\/blog\/?p=553266"},"modified":"2022-10-18T09:52:11","modified_gmt":"2022-10-18T07:52:11","slug":"zerrinnen-schalkes-hoffnungen-im-wuestensand","status":"publish","type":"post","link":"http:\/\/www.joerglipinski.de\/blog\/zerrinnen-schalkes-hoffnungen-im-wuestensand\/","title":{"rendered":"Zerrinnen Schalkes Hoffnungen im W\u00fcstensand?"},"content":{"rendered":"<p>0:2 im ersten Testspiel des Jahres gegen Ajax Amsterdam, Maurice Multhaup schon wieder zuhause, Christian Fuchs erlitt eine Augenverletzung, Keeper Ralf F\u00e4hrmann verletzte sich schon vorher und muss zum R\u00fcckrundenauftakt pausieren. W\u00e4hrenddessen dauert das Pokern um Wunschneuzugang Matija Nastasic weiter an. <\/p>\n<p><Center><a title=\"W\u00fcstenlandschaft in Katar by 9591353082 at en.wikipedia Later versions were uploaded by Diliff at en.wikipedia. [Public domain], from Wikimedia Commons\" href=\"http:\/\/commons.wikimedia.org\/wiki\/File%3ADesert_Qatar.JPG\"><img decoding=\"async\" width=\"412\" alt=\"Desert Qatar\" src=\"\/\/upload.wikimedia.org\/wikipedia\/commons\/thumb\/f\/f5\/Desert_Qatar.JPG\/512px-Desert_Qatar.JPG\"\/><\/a><\/Center><\/p>\n<p>Keine wirklich guten Neuigkeiten aus dem Schalker Trainingslager in Katar. Wobei die Niederlage gegen den holl\u00e4ndischen Rekordmeister noch am ehesten zu verschmerzen ist, befinden sich die Niederl\u00e4nder doch schon in der direkten Vorbereitung auf den Ligastart, der bereits am kommenden Wochenende stattfindet.<\/p>\n<p><!--more Weiterlesen...--><\/p>\n<p>So sind die Amsterdamer den Gelsenkirchenern gut zwei bis drei Wochen in ihrer Vorbereitung voraus, ein Fakt, der sicherlich f\u00fcr das 0:2 am Samstag mitentscheidend war. Daher sollt man dem puren Ergebnis dieser Begegnung keine besondere Bedeutung zumessen, zumal der zweite Treffer der Holl\u00e4nder erst in der Nachspielzeit fiel.<\/p>\n<p>Positiv vermerken kann man dagegen das Mitwirken der beiden zuletzt verletzungsbedingt fehlenden Sidney Sam und Kevin-Prince Boateng. Auch die jungen Spieler Sobottka, Borgmann, Platte, Mickels, Kehrer und Multhaup zeigten gute Ans\u00e4tze.<\/p>\n<p>Max Meyer wirkte engagiert, er wollte sich Trainer Di Matteo wohl von Anfang an aufdr\u00e4ngen. Fabian Giefer war an den beiden Gegentreffern schuldlos, f\u00fcr ihn erschien es aber vor allem wichtig, nach langer Pause wieder etwas Spielpraxis sammeln zu k\u00f6nnen.<\/p>\n<p>Tragisch ist nat\u00fcrlich der wochenlange Ausfall von Ralf F\u00e4hrmann, doch mit Giefer und Wetklo stehen eigentlich zwei gute Keeper bereit, ihn m\u00f6glichst gleichwertig zu ersetzen. Auch die Verletzung von Christian Fuchs kommt mal wieder zur Unzeit, hatte sich der \u00d6sterreicher doch wider Erwarten auf der linken Au\u00dfenbahn festgespielt. <\/p>\n<p>Weniger dramatisch erscheint da die R\u00fcckreise von Maurice Multhaup. Sicherlich w\u00e4re der U17-Nationalspieler f\u00fcr die Zukunft eine echte Alternative, doch im Moment k\u00f6nnte er der Mannschaft ohne Bundesligaerfahrung wohl nur wenig weiterhelfen. <\/p>\n<p>Ins Training wieder einsteigen soll dagegen Nachz\u00fcgler Jan Kirchhoff, und auch der Langzeitverletzte Leon Goretzka macht gute Fortschritte. Wenn alles optimal verliefe, st\u00fcnden mit Boateng, Sam, Kirchhoff und Goretzka vier Ausf\u00e4lle zum R\u00fcckrundenauftakt als Alternativen wieder zur Verf\u00fcgung. <\/p>\n<p>Gerade im Hinblick auf die Probleme im Spielaufbau, die sich vor allem in den letzten Heimspielen gegen den 1. FC K\u00f6ln (1:2) und den Hamburger SV (0:0) offenbarten, w\u00e4ren diese Kadererg\u00e4nzungen ungeheuer hilfreich. Jan Kirchhoff hat bereits bewiesen, dass er in Topform von hinten \u00f6ffnende P\u00e4sse schlagen k\u00f6nnte, w\u00e4hrend sowohl Prince Boateng als auch Leon Goretzka als Ballverteiler im Mittelfeld genau so wichtig w\u00e4ren.  <\/p>\n<p>V\u00f6llig offen erscheint dagegen das Rennen um den serbischen Innenverteidiger Matija Nastasic. Pressemeldungen hatten zum Ende der letzten Woche den Eindruck erweckt, die Verpflichtung des Nationalspielers st\u00fcnde unmittelbar bevor. Sonntag Abend allerdings konnte Manager Horst Heldt noch keinen Vollzug vermelden. Noch immer scheint es keine Einigung \u00fcber die Wechselmodalit\u00e4ten zu geben. W\u00e4hrend Manchester City den 21-j\u00e4hrigen offenbar liebend gern sofort verkaufen w\u00fcrde, lieb\u00e4ugeln die Schalker vorerst wohl nur mit einem Ausleihgesch\u00e4ft mit sp\u00e4terer Kaufoption.<\/p>\n<p>Sicherlich w\u00e4re Nastasic eine interessante Verst\u00e4rkung der Schalker Innenverteidigung, gilt er doch als eines der gr\u00f6\u00dften Talente in diesem Bereich. Gut 50 Ligaspiele f\u00fcr ManCity und 15 L\u00e4nderspiele sind f\u00fcr einen so jungen Spieler schon eine Aussage. Allerdings tendierte der Serbe zuletzt auch immer wieder zu Verletzungsanf\u00e4lligkeit und sa\u00df in der laufenden Saison vor allem auf der Bank.<\/p>\n<p>Fraglich also, wie schnell er sich denn bei einer eventuellen Verpflichtung auch wirklich als Verst\u00e4rkung erweisen w\u00fcrde.<\/p>\n<p>Es l\u00e4uft demnach noch nicht so alles richtig rund im Schalker Trainingslager, obwohl Coach Robert Di Matteo sich im Interview bisher recht zufrieden zeigte. Ger\u00fcchten zufolge sollen die Schalker zudem noch an Yunus Malli vom FSV Mainz 05 und dem Wolfsburger Vieirinha interessiert sein. Einzelheiten dazu waren Manager Heldt allerdings nicht zu entlocken, ein Dementi gab es von ihm nur im Fall Malli.<\/p>\n<p>Erledigt haben sich dagegen wohl die Annahmen \u00fcber eine m\u00f6gliche Verpflichtung des Hannoveraners Lars Stindl und des Holl\u00e4nders Nigel de Jong vom AC Mailand. Noch aber sind gut drei Wochen Zeit bis zum Ende der Transferzeit Anfang Februar. Da wird m\u00f6glicherweise noch der eine oder andere Name mit dem FC Schalke 04 in Verbindung gebracht werden. <\/p>\n<p>Die weitere Entwicklung bleibt also abzuwarten, Donnerstag folgt das zweite Testspiel gegen den sudanesischen Klub al-Merrikh Khartum. Dessen St\u00e4rke ist nahezu unm\u00f6glich einzusch\u00e4tzen, bekanntester &#8222;Akteur&#8220; ist der deutsche Trainer <a href=\"http:\/\/de.wikipedia.org\/wiki\/Otto_Pfister_(Fu%C3%9Fballtrainer)\" title=\"Otto Pfister (Fu\u00dfballtrainer) \u2013 Wikipedia\" target=\"_blank\" rel=\"noopener\">Otto Pfister<\/a>, 2006 bei der WM noch Coach der Nationalmannschaft von Togo.<\/p>\n<p>Erst nach dem Trainingslager in Katar k\u00f6nnte man dann ein erstes Fazit \u00fcber die Vorbereitung zur R\u00fcckrunde ziehen, vor allem auch \u00fcber die Entwicklung der wieder zur\u00fcckgekommenen Verletzten. Bleibt zu hoffen, dass es dabei viel Positives zu verzeichnen gibt und nicht noch mehr Akteure ausfallen. <\/p>","protected":false},"excerpt":{"rendered":"<p>0:2 im ersten Testspiel des Jahres gegen Ajax Amsterdam, Maurice Multhaup schon wieder zuhause, Christian Fuchs erlitt eine Augenverletzung, Keeper Ralf F\u00e4hrmann verletzte sich schon vorher und muss zum R\u00fcckrundenauftakt pausieren. W\u00e4hrenddessen dauert das Pokern um Wunschneuzugang Matija Nastasic weiter<\/p>\n","protected":false},"author":2,"featured_media":0,"comment_status":"closed","ping_status":"closed","sticky":false,"template":"","format":"standard","meta":{"footnotes":""},"categories":[7],"tags":[12,35,21,13,25],"class_list":["post-553266","post","type-post","status-publish","format-standard","hentry","category-fc-schalke-04","tag-bundesliga","tag-champions-league","tag-fussball","tag-schalke","tag-sport"],"_links":{"self":[{"href":"http:\/\/www.joerglipinski.de\/blog\/wp-json\/wp\/v2\/posts\/553266","targetHints":{"allow":["GET"]}}],"collection":[{"href":"http:\/\/www.joerglipinski.de\/blog\/wp-json\/wp\/v2\/posts"}],"about":[{"href":"http:\/\/www.joerglipinski.de\/blog\/wp-json\/wp\/v2\/types\/post"}],"author":[{"embeddable":true,"href":"http:\/\/www.joerglipinski.de\/blog\/wp-json\/wp\/v2\/users\/2"}],"replies":[{"embeddable":true,"href":"http:\/\/www.joerglipinski.de\/blog\/wp-json\/wp\/v2\/comments?post=553266"}],"version-history":[{"count":18,"href":"http:\/\/www.joerglipinski.de\/blog\/wp-json\/wp\/v2\/posts\/553266\/revisions"}],"predecessor-version":[{"id":21668659,"href":"http:\/\/www.joerglipinski.de\/blog\/wp-json\/wp\/v2\/posts\/553266\/revisions\/21668659"}],"wp:attachment":[{"href":"http:\/\/www.joerglipinski.de\/blog\/wp-json\/wp\/v2\/media?parent=553266"}],"wp:term":[{"taxonomy":"category","embeddable":true,"href":"http:\/\/www.joerglipinski.de\/blog\/wp-json\/wp\/v2\/categories?post=553266"},{"taxonomy":"post_tag","embeddable":true,"href":"http:\/\/www.joerglipinski.de\/blog\/wp-json\/wp\/v2\/tags?post=553266"}],"curies":[{"name":"wp","href":"https:\/\/api.w.org\/{rel}","templated":true}]}}