{"id":5219,"date":"2013-08-02T17:26:39","date_gmt":"2013-08-02T15:26:39","guid":{"rendered":"http:\/\/www.joerglipinski.de\/blog\/?p=5219"},"modified":"2013-08-14T22:41:51","modified_gmt":"2013-08-14T20:41:51","slug":"schalke-04-einzelbewertungen-teil-3","status":"publish","type":"post","link":"http:\/\/www.joerglipinski.de\/blog\/schalke-04-einzelbewertungen-teil-3\/","title":{"rendered":"Schalke 04 &#8211; Einzelbewertungen Teil 3"},"content":{"rendered":"<h3>Offensives Mittelfeld<\/h3>\n<p>Nachdem ich beim letzten Mal das <a title=\"defensives Mittelfeld\" href=\"http:\/\/www.joerglipinski.de\/blog\/schalke-04-einzelbewertungen-teil-2\/\">defensive Mittelfeld<\/a> abgehandelt habe, folgen hier nun die Beurteilungen und Aussichten f\u00fcr die Akteure aus dem offensiven Bereich:<\/p>\n<p><center><img loading=\"lazy\" decoding=\"async\" alt=\"FC Schalke 04\" src=\"http:\/\/www.joerglipinski.de\/bilder\/schalke\/IMG_0510.JPG\" width=\"403\" height=\"264\" \/><\/center><\/p>\n<h3>Julian Draxler<\/h3>\n<p>Den gr\u00f6\u00dften Sprung nach vorn hat in der vergangenen Saison ohne Zweifel Julian Draxler gemacht.<\/p>\n<p><!--more Weiterlesen...--><\/p>\n<p>Er entwickelte sich zu einem unentbehrlichen Stammspieler im offensiven Mittelfeld der Schalker, erzielte 10 Bundesliga-Treffer und durfte erstmalig auch bei Jogi L\u00f6w von Anfang an in der Nationalmannschaft vorspielen.<\/p>\n<p>Kein Wunder also, dass sich nach Ende der Spielzeit die Anfragen anderer Clubs bei Manager Heldt f\u00f6rmlich stapelten.<\/p>\n<p>Doch Draxler entschied sich daf\u00fcr, zumindest vorl\u00e4ufig noch &#8222;Auf Schalke&#8220; zu bleiben. Er verl\u00e4ngerte seinen Vertrag und erhielt statt der bisherigen Trikot-Nr. 31 die symboltr\u00e4chtige 10, ein klarer Hinweis darauf, f\u00fcr wie wichtig man ihn f\u00fcr den Verein erachtet.<\/p>\n<p>Auch die Nicht-Weiterverpflichtung des Brasilianers Raffael, der erst im Winter von Dynamo Kiew gekommen war und als Draxler-Konkurrent im zentralen Mittelfeld galt, l\u00e4\u00dft darauf schlie\u00dfen, dass Trainer Jens Keller und das Schalke-Management hier dem geb\u00fcrtigen Gladbecker eine Schl\u00fcsselposition zuweisen wollen.<\/p>\n<p>Keine leichte B\u00fcrde f\u00fcr einen gerade mal 19-j\u00e4hrigen, auch wenn viele wie z. B. sein Mannschaftskapit\u00e4n Benedikt H\u00f6wedes ihm schon eine beachtliche Reife attestieren.<\/p>\n<p>Aber ist Julian Draxler wirklich schon so weit, die zentrale Schaltstelle bei einem Spitzenteam der Bundesliga ausf\u00fcllen zu k\u00f6nnen?<\/p>\n<p>Nun, offenbar ist man bei den Verantwortlichen des FC Schalke 04 dieser Ansicht, denn bis auf den jungen Max Meyer, der nun endg\u00fcltig aus dem Junioren-Team in den Profikader bef\u00f6rdert wurde, haben die Blauen f\u00fcr diese Position eigentlich kaum eine Alternative.<\/p>\n<p>Sicherlich k\u00f6nnten auch Spieler wie Michel Bastos, Tranquillo Barnetta oder auch Neuzugang Christian Clemens diese Position auch \u00fcbernehmen, doch tats\u00e4chlich gilt Draxler als gesetzt f\u00fcr die &#8222;10&#8220;, wenn denn wie zuletzt h\u00e4ufig mit f\u00fcnf Mittelfeld-Akteuren und nur einem St\u00fcrmer gespielt werden soll.<\/p>\n<p>Ich sehe das letzlich genauso, ein Gro\u00dfteil des Schalker Spiels in der neuen Saison wird mit Julian Draxler stehen oder fallen. Bleibt die Hoffnung, dass Draxler seine \u00fcberwiegend gute Form der letzten Spielzeit best\u00e4tigen kann und m\u00f6glichst wenig schlechte Leistungen abliefert.<\/p>\n<h3>Jefferson Farfan<\/h3>\n<p><center><a title=\"By Abaddon4tk (Own work) [Public domain], via Wikimedia Commons\" href=\"http:\/\/commons.wikimedia.org\/wiki\/File%3ASchalke_Jefferson_Farfan_1.jpg\"><img decoding=\"async\" alt=\"Schalke Jefferson Farfan 1\" src=\"\/\/upload.wikimedia.org\/wikipedia\/commons\/2\/29\/Schalke_Jefferson_Farfan_1.jpg\" width=\"412\" \/><\/a><\/center><\/p>\n<p>Absolut positiv habe ich den peruanischen Fl\u00fcgelflitzer Jefferson Farfan noch aus der letzten Saison in Erinnerung.<\/p>\n<p>Bis auf einige Partien, die er verletzungsbedingt verpasste, wirbelte er auf seiner rechten Seite h\u00e4ufig durch die gegnerischen Abwehrreihen.<\/p>\n<p>Vor allem im Verbund mit dem offensivstarken Au\u00dfenverteidiger Atsuto Uchida entwickelte er immer wieder m\u00e4chtigen Druck nach vorn.<\/p>\n<p>&#8222;Jeff&#8220; hat sich meiner Ansicht nach aufgrund seiner immensen Schnelligkeit, seiner genauen Flanken, aber auch wegen seiner vor allem zuletzt starken Leistungen in der Defensive zu einem unentbehrlichen Bestandteil der Schalker Mannschaft gemausert.<\/p>\n<p>Es wird f\u00fcr jeden Konkurrenten schwer, ihn so von seiner Position zu verdr\u00e4ngen.<\/p>\n<h3>Michel Bastos<\/h3>\n<p>Noch ein wenig unentschlossen bin ich bei meiner abschlie\u00dfenden Bewertung des Brasilianers Michel Bastos.<\/p>\n<p>Der Winter-Neuzugang, ausgeliehen von Olympique Lyon, schlug in seinen ersten Spielen f\u00fcr Schalke geradezu sensationell ein.<\/p>\n<p>Drei Treffer in drei Begegnungen, dabei \u00fcberragender zweifacher Torsch\u00fctze in Mainz, allerdings auch kein Sieg, so lautete seine Anfangs-Bilanz.<\/p>\n<p>Danach allerdings lie\u00dfen seine Leistungen doch teilweise zu w\u00fcnschen \u00fcbrig.<\/p>\n<p>H\u00e4ufig konnte er sich auf seiner linken Seite nicht durchsetzen, ihm fehlte es dabei vor allem an der n\u00f6tigen Schnelligkeit, w\u00e4hrend er andererseits mit feiner Technik und einem strammen Schuss beeindrucken konnte.<\/p>\n<p>Mit dem Ex-K\u00f6lner Christian Clemens hat vor allem er eine Konkurrenz bekommen, die ihn noch m\u00e4chtig unter Druck setzen k\u00f6nnte. Der U21-Nationalspieler d\u00fcrfte sich vor allem auf Links seine Chancen ausrechnen, da Jefferson Farfan auf der anderen Seite wohl erst mal gesetzt sein sollte.<\/p>\n<p>Da bin ich dann mal wirklich gespannt, wie sich dieses Duell um die linke Au\u00dfenbahn entwickeln wird, zumal sich da auch noch Julian Draxler einschalten k\u00f6nnte, wenn Trainer Keller mit zwei St\u00fcrmern und ohne klassischen &#8222;10er&#8220; spielen sollte.<\/p>\n<p>PS: kurz vor Veroeffentlichung dieser Zeilen wurde bekannt, dass der FC Schalke die Ausleihe von Michel Bastos nicht verl\u00e4ngert und der Brasilianer  den Verein nach nur einem halben Jahr wieder verlassen wird.<\/p>\n<h3>Tranquillo Barnetta<\/h3>\n<p>Ein echtes &#8222;Seuchen-Jahr&#8220; liegt hinter dem Schweizer Tranquillo Barnetta, der in seiner ersten Saison beim FC Schalke kein Bein auf den Boden bekam und nur als Einwechselspieler zu Kurzeins\u00e4tzen auf den Platz durfte.<\/p>\n<p>Seine Leistungen dabei waren allerdings zumeist nicht ausreichend und so konnte er sich auch trotz einiger Verletzungsausf\u00e4lle keinen Stammplatz erk\u00e4mpfen.<\/p>\n<p>Auch f\u00fcr die neue Saison ist der Schweizer Nationalspieler, der immerhin f\u00fcr Bayer Leverkusen ann\u00e4hernd 200 Bundesliga-Spiele absolviert hat, die gro\u00dfe Unbekannte im Schalker Kader.<\/p>\n<p>Es w\u00e4re ihm zu w\u00fcnschen, dass er sich durch gute Leistungen wieder ins Blickfeld des Trainer-Teams spielen und so wieder zu einer echten Alternative werden k\u00f6nnte.<\/p>\n<h3>Max Meyer<\/h3>\n<p>Wie jeder andere Schalke-Fan auch bin ich sehr gespannt auf die weitere Entwicklung des erst 17-j\u00e4hrigen Ausnahmetalents Max Meyer.<\/p>\n<p>Dem technisch \u00e4u\u00dferst beschlagenen U17-Nationalspieler wird eine leuchtende Zukunft vorausgesagt, sein Potential mit dem von Mario G\u00f6tze oder sogar Lionel Messi verglichen.<\/p>\n<p>Nun, sicherlich ist es etwas zu vermessen, den Durchbruch Meyers schon in dieser Saison vorrauszusetzen. Wie bei jedem begabten Jugendlichen wird man auch ihm Zeit geben m\u00fcssen, um sich an das Niveau der Bundesliga langfristig heranarbeiten zu k\u00f6nnen.<\/p>\n<p>Was Max Meyer allerdings bei seinen Eins\u00e4tzen in der letzten Saison gezeigt hat, war doch schon sehr vielversprechend. Und auch \u00fcber mangelndes Selbstvertrauen braucht man sich wohl nicht zu beklagen, lud er sich mit der Trikotnummer &#8222;7&#8220; des spanischen St\u00fcrmerstars Raul doch eine gewisse B\u00fcrde auf.<\/p>\n<p>Interessant d\u00fcrfte die Situation im Schalker Mittelfeld aber dann werden, wenn Meyer schon jetzt nachdr\u00fccklich Anspr\u00fcche auf vermehrte Spielzeit stellen w\u00fcrde.<br \/>\nDa hei\u00dft es aber doch erstmal abwarten, mit gelungener Champions-League-Qualifikation d\u00fcrfte auch die Anzahl der zu absolvierenden Spiele wieder ansteigen und jeder Spieler im Kader gefordert werden.<\/p>\n<p>Und Konkurrenz belebt ja bekanntlich sowieso das Gesch\u00e4ft, wie es so sch\u00f6n hei\u00dft.<\/p>\n<p>So, jetzt n\u00e4hern wir uns dem Ende dieser kleinen Reihe. Beim n\u00e4chsten Mal sind die St\u00fcrmer dran, und dann wird&#8217;s echt Zeit, dass die neue Saison beginnt.<\/p>","protected":false},"excerpt":{"rendered":"<p>Offensives Mittelfeld Nachdem ich beim letzten Mal das defensive Mittelfeld abgehandelt habe, folgen hier nun die Beurteilungen und Aussichten f\u00fcr die Akteure aus dem offensiven Bereich: Julian Draxler Den gr\u00f6\u00dften Sprung nach vorn hat in der vergangenen Saison ohne Zweifel<\/p>\n","protected":false},"author":2,"featured_media":0,"comment_status":"closed","ping_status":"closed","sticky":false,"template":"","format":"standard","meta":{"footnotes":""},"categories":[7],"tags":[12,21,13,25],"class_list":["post-5219","post","type-post","status-publish","format-standard","hentry","category-fc-schalke-04","tag-bundesliga","tag-fussball","tag-schalke","tag-sport"],"_links":{"self":[{"href":"http:\/\/www.joerglipinski.de\/blog\/wp-json\/wp\/v2\/posts\/5219","targetHints":{"allow":["GET"]}}],"collection":[{"href":"http:\/\/www.joerglipinski.de\/blog\/wp-json\/wp\/v2\/posts"}],"about":[{"href":"http:\/\/www.joerglipinski.de\/blog\/wp-json\/wp\/v2\/types\/post"}],"author":[{"embeddable":true,"href":"http:\/\/www.joerglipinski.de\/blog\/wp-json\/wp\/v2\/users\/2"}],"replies":[{"embeddable":true,"href":"http:\/\/www.joerglipinski.de\/blog\/wp-json\/wp\/v2\/comments?post=5219"}],"version-history":[{"count":28,"href":"http:\/\/www.joerglipinski.de\/blog\/wp-json\/wp\/v2\/posts\/5219\/revisions"}],"predecessor-version":[{"id":6209,"href":"http:\/\/www.joerglipinski.de\/blog\/wp-json\/wp\/v2\/posts\/5219\/revisions\/6209"}],"wp:attachment":[{"href":"http:\/\/www.joerglipinski.de\/blog\/wp-json\/wp\/v2\/media?parent=5219"}],"wp:term":[{"taxonomy":"category","embeddable":true,"href":"http:\/\/www.joerglipinski.de\/blog\/wp-json\/wp\/v2\/categories?post=5219"},{"taxonomy":"post_tag","embeddable":true,"href":"http:\/\/www.joerglipinski.de\/blog\/wp-json\/wp\/v2\/tags?post=5219"}],"curies":[{"name":"wp","href":"https:\/\/api.w.org\/{rel}","templated":true}]}}