{"id":369975,"date":"2014-11-12T07:18:56","date_gmt":"2014-11-12T06:18:56","guid":{"rendered":"http:\/\/www.joerglipinski.de\/blog\/?p=369975"},"modified":"2014-11-12T07:18:56","modified_gmt":"2014-11-12T06:18:56","slug":"s04-koenigsblau-als-mausgrauer-durchschnitt-oder-sogar-noch-weniger","status":"publish","type":"post","link":"http:\/\/www.joerglipinski.de\/blog\/s04-koenigsblau-als-mausgrauer-durchschnitt-oder-sogar-noch-weniger\/","title":{"rendered":"S04: K\u00f6nigsblau als mausgrauer Durchschnitt oder sogar noch weniger?"},"content":{"rendered":"<p>Bis Anfang der letzten Woche hatte ich ja auch noch daran geglaubt, dass es nur noch ein paar Korrekturen im offensiven Bereich bed\u00fcrfe, um die Schalker Mannschaft wieder in die richtige Spur zu bringen.<\/p>\n<p><Center><a title=\"Haupttrib\u00fcne des Badenova-Stadions in Freiburg von Ctruongngoc (Eigenes Werk) [CC-BY-SA-3.0 (http:\/\/creativecommons.org\/licenses\/by-sa\/3.0)], via Wikimedia Commons\" href=\"http:\/\/commons.wikimedia.org\/wiki\/File%3ASC_Freiburg_vs_FSVMainz_17_ao%C3%BBt_2013_37.jpg\"><img decoding=\"async\" width=\"412\" alt=\"Haupttrib\u00fcne des Badenova-Stadions in Freiburg\" src=\"\/\/upload.wikimedia.org\/wikipedia\/commons\/thumb\/7\/7c\/SC_Freiburg_vs_FSVMainz_17_ao%C3%BBt_2013_37.jpg\/512px-SC_Freiburg_vs_FSVMainz_17_ao%C3%BBt_2013_37.jpg\"\/><\/a><\/Center><\/p>\n<p>Ich war ziemlich optimistisch, dass man aus einer verst\u00e4rkten Defensive heraus so etwas wie Stabilit\u00e4t auf den Platz bringen k\u00f6nnte und in den Spielen bei Sporting Lissabon und dem SC Freiburg davon auch schon etwas merken w\u00fcrde.<\/p>\n<p>Nun ja, ich muss leider zugeben, dass ich mich da wie wohl so manch anderer auch m\u00e4chtig verkalkuliert hatte. Die Wirklichkeit sieht anders aus: Zwei ziemlich desillusionierende Niederlagen, 2 : 6 Tore, eine losgetretene Diskussion um die Vers\u00e4umnisse des letzten Trainers und eine Mannschaft ohne Charakter.<\/p>\n<p>Schlimmer h\u00e4tte es eigentlich kaum kommen k\u00f6nnen. An sich fehlen mir die Worte, um diese Entwicklung richtig beschreiben zu k\u00f6nnen. Na ja, versuchen will ich es aber trotzdem.<\/p>\n<p><!--more Weiterlesen...--><\/p>\n<p><b>Wenig Positives schnell erz\u00e4hlt<\/b><br \/>\nFangen wir mal mit denen an, die man bei der Frage nach dem Warum als Erste ausnehmen kann. Da w\u00e4re vor allem Keeper Ralf F\u00e4hrmann, der nach ein, zwei kleineren Unsicherheiten in Lissabon im Breisgau wieder zu alter St\u00e4rke zur\u00fcckfand. Ohne seine Glanzparaden h\u00e4tte die zweite Halbzeit beim SC Freiburg auch in einem absoluten Debakel enden k\u00f6nnen. Ihm allein ist es zu verdanken, dass es nur bei zwei Gegentoren blieb. <\/p>\n<p>Nehmen wir da auch noch Neu-Trainer Roberto Di Matteo, dem nach gut einem Monat im Amt nun wohl so langsam aufgehen wird, auf was er sich da eingelassen hat. Auch wenn der eine oder andere anf\u00e4ngt zu murren, es habe sich doch nicht viel ge\u00e4ndert seit der Entlassung von Jens Keller, kann man Di Matteo noch die wenigsten Vorw\u00fcrfe machen.<\/p>\n<p>Er muss nun mal mit dem arbeiten, was ihm sein Vorg\u00e4nger hinterlassen hat. Ebenso ist er auf die Spieler angewiesen, die ihm Manager Horst Heldt auf den Trainingsplatz stellt. Fr\u00fchestens zur Winterpause halte ich es f\u00fcr angebracht, das erste Mal ein Res\u00fcmee \u00fcber die Arbeit von Di Matteo ziehen zu k\u00f6nnen. Alles andere w\u00e4re einfach viel zu fr\u00fch, so wie es aussieht, liegen die Gr\u00fcnde f\u00fcr die Schalker Misere viel zu tief, als dass man sie in ein paar Wochen schon ausmerzen k\u00f6nnte. <\/p>\n<p>Gehen wir weiter zu den Spielern, da wird es allerdings schon etwas eng: Atsuto Uchida f\u00e4llt mir da noch ein, seit seiner R\u00fcckkehr nach langwieriger Verletzung einer der wenigen Aktivposten auf dem Platz. Und  mit Abstrichen vielleicht auch noch Klaas-Jan Huntelaar, gegen Augsburg immerhin der Sch\u00fctze des Siegtores und mit insgesamt sieben Einsch\u00fcssen aus bisher 16 Saisonspielen auch der treffsicherste Schalker.<\/p>\n<p>Bleibt dann noch Benedikt H\u00f6wedes, der Kapit\u00e4n und Abwehrchef. Mangelnden Einsatz kann man ihm nicht vorwerfen, auch wenn er schon mal hier und da den \u00dcberblick verliert. Vielleicht ist er manchmal noch zu leise auf dem Platz, um wirklich als F\u00fchrungs- und Leitfigur anerkannt zu werden.  <\/p>\n<p><b>Chronik des Versagens<\/b><br \/>\nAber dann h\u00f6rt es auch schon auf, und die lange Reihe der zu Kritisierenden f\u00e4ngt an. Was manche Spieler in den beiden Begegnungen der vergangenen Woche (und zum Teil auch bereits vorher) so geleistet haben, spottet eigentlich jeder Beschreibung. Wo soll man da anfangen? Sidney Sam, Marco H\u00f6ger, Roman Neust\u00e4dter, Christian Fuchs, Dennis Aogo, Chinedu Obasi, Kevin-Prince Boateng, Tranquillo Barnetta, sie alle spielen weit unter ihren M\u00f6glichkeiten, ja teilweise muss man ihre Bundesligatauglichkeit im Moment stark in Zweifel zeihen.<\/p>\n<p>Auch Max Meyer l\u00e4uft zur Zeit seiner Form hinterher, doch bei dem 19-j\u00e4hrigen sollte man noch mildernde Umst\u00e4nde walten lassen. Von Di Matteo in den ersten Spielen noch weitgehend ignoriert, kann man von dem J\u00fcngsten kaum erwarten, dass ausgerechnet er das Ruder herumzurei\u00dfen vermag. Das gilt auch f\u00fcr Kaan Ayhan, der nach einigen haarstr\u00e4ubenden Fehlern seinen Platz in der Innenverteidigung an Roman Neust\u00e4dter verloren hat. <\/p>\n<p>Ebenso will ich Eric-Maxim Choupo-Moting da ein wenig aus der Kritik herausnehmen, obwohl klar ersichtlich ist, dass er nach starkem Beginn in den letzten Spielen immer schw\u00e4cher geworden ist. Er br\u00e4uchte eigentlich dringend eine Pause, doch mangels Alternativen muss er immer wieder ran. Inzwischen frage ich mich ernsthaft, ob er \u00fcberhaupt auf der richtigen Position spielt. Eigentlich w\u00e4re Choupo-Moting als St\u00fcrmer wohl effektiver, weil er da auch in seiner bisherigen Karriere meistens eingesetzt wurde. Die Defensive ist anscheinend nicht so wirklich sein Ding. <\/p>\n<p>Auch auf der rechten Seite haben wir momentan ein riesiges Problem. Weder Sidney Sam noch Obasi erreichen dort auch nur ann\u00e4hernd die Klasse ihrer Vorg\u00e4nger aus der letzten Saison. Selten wurden Jefferson Farfan und auch Leon Goretzka mehr vermisst als jetzt. Das Defensivverhalten von Sam gerade in Freiburg war einfach nur grauenhaft, w\u00e4hrend er nach vorn ebenso wie der Nigerianer so gut wie keine Akzente setzen konnte.  <\/p>\n<p>Ebenso Kevin-Prince Boateng, von dem Roberto Di Matteo nach der Pause wohl mehr Impulse in Richtung Freiburger Tor erwartet hatte. Doch Boateng, der eigentlich als vermeidlicher &#8222;Starspieler&#8220; und Leitfigur verpflichtet worden war, tauchte genauso wie der Rest der Mannschaft unter und ergab sich widerstandslos den Freiburgern, die solide verteidigten und mit schnellem Umschaltspiel die Schw\u00e4chen der Schalker immer wieder gnadenlos aufdeckten.  <\/p>\n<p>Apropos Umschaltspiel: kommen wir also zu der Disziplin, die die Schalker immer noch nicht k\u00f6nnen. Viel zu langsam, sowohl mit den Beinen als auch in den K\u00f6pfen, muss wohl das vernichtende Urteil \u00fcber die &#8222;Doppel-Sechs&#8220; der Blauen lauten. <\/p>\n<p>Vor allem Marco H\u00f6ger lie\u00df hier so ziemlich alles vermissen, was ihn mal ausgezeichnet hatte. Aber auch Jan Kirchhoff, dem man zumindest in den ersten zwanzig Minuten einen engagierten Auftritt mit einigen gelungenen P\u00e4ssen zugestehen muss, hatte nach dem ersten Freiburger Tor Sendepause und auch ihm ging nach dem Pausentee sichtlich die Puste aus. <\/p>\n<p>In der Innenverteidigung wurde wieder einmal besonders schmerzlich das Fehlen von Joel Matip deutlich, den Roman Neust\u00e4dter ganz und gar nicht ersetzen konnte. Kopfballst\u00e4rke hin oder her, aber wenn man Zweik\u00e4mpfen haupts\u00e4chlich aus dem Weg geht und dann auch noch Probleme im Stellungsspiel und bei der Zuordnung hat, kann man das Experiment &#8222;Neust\u00e4dter in der IV&#8220; nur als gescheitert ansehen.<\/p>\n<p>Ebenso fehlen momentan Matips F\u00e4higkeiten im Spielaufbau, auch sein Verm\u00f6gen, mit dem Ball am Fu\u00df unfallfrei in Richtung Mittelfeld zu marschieren, wenn sich keine Pa\u00dfgelegenheiten anbieten. Neust\u00e4dters Kurzpassspiel kann so etwas halt nicht ersetzen.<\/p>\n<p>Trauriger H\u00f6hepunkt des Spiels war aber wohl die Kopfball-&#8222;Vorlage&#8220; von Dennis Aogo zum 2:0 der Freiburger, die bezeichnenderweise auch erst im zweiten Versuch &#8222;gelang&#8220;. Dass Aogo dann auch noch die f\u00fcnfte gelbe Karte kassierte und damit im n\u00e4chsten Spiel die angespannte Personalsituation noch weiter versch\u00e4rft, passte haargenau in die Dramaturgie eines vergurkten Auftritts, an dessem Ende so gar nichts Positives mehr stand.<\/p>\n<p><b>Ist Jens Keller an allem schuld?<\/b><br \/>\nEtwas zwiegespalten bin ich bei der Frage, ob ein solches Nachtreten gegen Ex-Trainer Jens Keller vor allem in der \u00d6ffentlichkeit so notwendig gewesen w\u00e4re. Wenn man allerdings ehrlich ist, kann man schon feststellen, dass dem einen oder anderen nach sechzig, sp\u00e4testens siebzig Minuten der Schwei\u00df auf die Stirn tritt.<\/p>\n<p>Was ist geblieben von der einstigen St\u00e4rke der Schalker unter Magath, Stevens oder auch Rangnick, in der Schlussphase einer Begegnung bei einem R\u00fcckstand noch einmal erkennbar die Schlagzahl zu erh\u00f6hen und den Gegner massiv unter Druck zu setzen?<\/p>\n<p>Nicht mehr wirklich viel, heute pl\u00e4tschern solche Spiele eher seicht ihrem Ende entgegen, ohne deutliche Anzeichen eines Aufb\u00e4umens in der Hoffnung, das Ergebnis doch noch drehen zu k\u00f6nnen. Es mag daher durchaus richtig sein, dass der Fitnessstand der Profis bei Jens Keller nicht unbedingt der beste gewesen ist, doch ob man das so an die \u00d6ffentlichkeit zerren muss?<\/p>\n<p>Ich sehe das eher so, dass man solche Erkenntnisse nur intern diskutieren und auswerten sollte. Wenn denn tats\u00e4chlich bei der Kondition geschlampt wurde, so ist das ein Ansatz, wo eine Verbesserung erfolgen muss, aber nichts, was unbedingt nach Au\u00dfen getragen werden sollte. Ein solches Nachtreten hat immer den \u00fcblen Beigeschmack einer Ablenkung von eigenen Fehlern und sollte eigentlich auch dann, wenn es berichtigt w\u00e4re, eher unterbleiben.<\/p>\n<p>Dass Keller Fehler gemacht hat, halte ich dagegen f\u00fcr unstrittig und habe dies auch hier im Blog oft genug thematisiert. Doch eine solche \u00f6ffentliche Diskussion kann meines Erachtens wenn \u00fcberhaupt nur von Au\u00dfenstehenden angesto\u00dfen werden, w\u00e4hrend die Verantwortlichen des Vereins zur\u00fcckhalten sollten.<\/p>\n<p>Gleiches gilt eigentlich auch f\u00fcr die Spieler samt Mannschaftskapit\u00e4n, will man sich nicht einer seltsam anmutenden Aussprache \u00fcber die Selbstverantwortung der Profis aussetzen.<\/p>\n<p><b>Die Verantwortlichkeiten eines Horst Heldt<\/b><br \/>\nDiskutiert man \u00fcber die Missgriffe und Irrt\u00fcmer der Vergangenheit, so sollte man nicht nur \u00fcber den ehemaligen Trainer reden. Denn Keller und ebenso Di Matteo konnten und k\u00f6nnen nur mit den Spielern arbeiten, die ihnen der Club auf den Trainingsplatz gestellt hat.     <\/p>\n<p>Also ist es an der Zeit, ein wenig \u00fcber die Transferpolitik der Schalker zu reden. Sicher ist es richtig, dass die Verbindlichkeiten des Klubs hier enge Grenzen setzen. Ebenso kann man nicht leugnen, dass Manager Heldt mit dem aufgebl\u00e4hten Kader aus der Magath-\u00c4ra lange eine schwere Hypothek abtragen musste. <\/p>\n<p>Und trotzdem: Tranquillo Barnetta, Christian Fuchs, Chinedu Obasi, Felipe Santana, Christian Clemens, aber auch Adam Szalai, Kevin-Prince Boateng und Sidney Sam: jede Menge Spieler, deren Verpflichtung in die Verantwortung von Horst Heldt f\u00e4llt und die heute Teil des Problems sind oder waren.<\/p>\n<p>Einigen von ihnen muss man zur Zeit ganz klar die gehobene Bundesliga-Tauglichkeit aberkennen, die man f\u00fcr das Erreichen der Champions-League-R\u00e4nge eigentlich unbedingt ben\u00f6tigt. Sie sind nicht einmal mehr Erg\u00e4nzungsspieler, geschweige denn Verst\u00e4rkungen.<\/p>\n<p>Daher muss man schon einmal die Transferpolitik Heldts trotz aller finanziellen Zw\u00e4nge hinterfragen. Ist es wirklich sinnvoll, die Abl\u00f6sesumme als Hauptrichtschnur des Handels anzusehen? War da nicht auch manchmal der Wunsch Vater des Gedanken, f\u00fcr m\u00f6glichst wenig Geld einen Spieler zu verpflichten, der sich dann als Transferknaller entpuppen w\u00fcrde? Hat das in vielen F\u00e4llen \u00fcberhaupt funktioniert?<\/p>\n<p>Neben all diesen Fragen ist es allerdings Fakt, dass der Erfolg oder Misserfolg von Roberto Di Matteo auch \u00fcber die Zukunft des Managers entscheiden wird. Sollte es wirklich nicht klappen, werden wohl die Stimmen, die dann auch eine Abl\u00f6sung von Horst Heldt fordern, mit Sicherheit lauter. Und es wird nur wenige Argumente dagegen geben. <\/p>\n<p><b>Die Charakterfrage<\/b><br \/>\nAuch wenn man im Umfeld der Mannschaft so manche Gr\u00fcnde f\u00fcr das bisherige Abschneiden finden kann, soll das nicht bedeuten, dass die Spieler damit aus der Schusslinie sind. Ganz im Gegenteil. Benedikt H\u00f6wedes hat v\u00f6llig recht, wenn er nun die Charakterfrage stellt.<\/p>\n<p>Denn die Profis sind jetzt gefordert! Es gibt keinen Jens Keller mehr, hinter dessen Fehlern man sich verstecken k\u00f6nnte. Di Matteo ist gerade einmal etwas mehr als einen Monat im Amt und daher f\u00fcr diese Rolle ebenso wenig geeignet.  <\/p>\n<p>Man kann eigentlich nur darauf vertrauen, dass die L\u00e4nderspielpause vern\u00fcnftig genutzt wird, um die erkannten Probleme aufzuarbeiten (auch wenn nat\u00fcrlich viele Spieler mit ihren Nationalmannschaften unterwegs sind) und das vielleicht der eine oder andere Verletzte wieder zur\u00fcckkommt.<\/p>\n<p>Doch ehrlich gesagt habe ich im Moment nur noch wenig Hoffnung auf eine kurzfristige Besserung. Dieses Gekicke wird wohl noch bis zur Winterpause so weiter gehen. Bleibt abzuwarten, wie viele Punkte uns diese Krise bis dann gekostet hat.  <\/p>","protected":false},"excerpt":{"rendered":"<p>Bis Anfang der letzten Woche hatte ich ja auch noch daran geglaubt, dass es nur noch ein paar Korrekturen im offensiven Bereich bed\u00fcrfe, um die Schalker Mannschaft wieder in die richtige Spur zu bringen. Ich war ziemlich optimistisch, dass man<\/p>\n","protected":false},"author":2,"featured_media":0,"comment_status":"closed","ping_status":"closed","sticky":false,"template":"","format":"standard","meta":{"footnotes":""},"categories":[7],"tags":[12,35,21,13,25],"class_list":["post-369975","post","type-post","status-publish","format-standard","hentry","category-fc-schalke-04","tag-bundesliga","tag-champions-league","tag-fussball","tag-schalke","tag-sport"],"_links":{"self":[{"href":"http:\/\/www.joerglipinski.de\/blog\/wp-json\/wp\/v2\/posts\/369975","targetHints":{"allow":["GET"]}}],"collection":[{"href":"http:\/\/www.joerglipinski.de\/blog\/wp-json\/wp\/v2\/posts"}],"about":[{"href":"http:\/\/www.joerglipinski.de\/blog\/wp-json\/wp\/v2\/types\/post"}],"author":[{"embeddable":true,"href":"http:\/\/www.joerglipinski.de\/blog\/wp-json\/wp\/v2\/users\/2"}],"replies":[{"embeddable":true,"href":"http:\/\/www.joerglipinski.de\/blog\/wp-json\/wp\/v2\/comments?post=369975"}],"version-history":[{"count":40,"href":"http:\/\/www.joerglipinski.de\/blog\/wp-json\/wp\/v2\/posts\/369975\/revisions"}],"predecessor-version":[{"id":376555,"href":"http:\/\/www.joerglipinski.de\/blog\/wp-json\/wp\/v2\/posts\/369975\/revisions\/376555"}],"wp:attachment":[{"href":"http:\/\/www.joerglipinski.de\/blog\/wp-json\/wp\/v2\/media?parent=369975"}],"wp:term":[{"taxonomy":"category","embeddable":true,"href":"http:\/\/www.joerglipinski.de\/blog\/wp-json\/wp\/v2\/categories?post=369975"},{"taxonomy":"post_tag","embeddable":true,"href":"http:\/\/www.joerglipinski.de\/blog\/wp-json\/wp\/v2\/tags?post=369975"}],"curies":[{"name":"wp","href":"https:\/\/api.w.org\/{rel}","templated":true}]}}