{"id":3526,"date":"2013-07-17T07:15:02","date_gmt":"2013-07-17T05:15:02","guid":{"rendered":"http:\/\/www.joerglipinski.de\/blog\/?p=3526"},"modified":"2026-04-24T08:08:29","modified_gmt":"2026-04-24T06:08:29","slug":"schalke-04-einzelbewertungen-teil-2","status":"publish","type":"post","link":"http:\/\/www.joerglipinski.de\/blog\/schalke-04-einzelbewertungen-teil-2\/","title":{"rendered":"Schalke 04 &#8211; Einzelbewertungen Teil 2"},"content":{"rendered":"<p>So, nach <a title=\"Schalke 04 Einzelbewertungen Teil 1\" href=\"http:\/\/www.joerglipinski.de\/blog\/saisonbilanz-der-schalker-20122013-einzelbewertungen\/\">Teil 1<\/a> geht es nun weiter mit den Bewertungen der einzelnen Spieler f\u00fcr die vergangene Saison sowie den Ausblick auf ihre M\u00f6glichkeiten und Chancen in der neuen Spielzeit.<\/p>\n<p><center><img loading=\"lazy\" decoding=\"async\" alt=\"FC Schalke 04\" src=\"http:\/\/www.joerglipinski.de\/bilder\/schalke\/IMG_0514.JPG\" width=\"403\" height=\"264\" \/><\/center>Diesmal: das defensive Mittelfeld&#8230;<br \/>\n<!--more Weiterlesen...--><\/p>\n<h3>Jermaine Jones<\/h3>\n<p>Nicht gerade einfach ist meiner Meinung nach die Leistung des amerikanischen Nationalspielers Jermaine Jones in der vergangenen Saison zu beurteilen.<br \/>\nDer US-Boy hatte stark begonnen und bereits im zweiten Spiel gegen Augsburg sein einziges Saisontor erzielen k\u00f6nnen.<br \/>\nZudem war es sicherlich auch seiner typischen Pr\u00e4senz auf dem Platz zu verdanken, dass dem FC Schalke ein guter Auftakt mit vier Siegen gelingen konnte.<\/p>\n<p>Doch auch Jones konnte den folgenden Absturz nicht aufhalten und fing sich bei der Niederlage in Stuttgart zudem noch eine recht unn\u00f6tige rote Karte ein.<\/p>\n<p>Positiv ist dagegen zu verzeichnen, dass er trotz seiner manchmal doch recht rustikalen Spielweise insgesamt nur sechs gelbe Karten gezeigt bekam, weniger als halb soviele wie im Jahr davor.<\/p>\n<p><center><a title=\"von Zenit (Eigenes Werk) [GFDL (http:\/\/www.gnu.org\/copyleft\/fdl.html) oder CC-BY-SA-3.0-2.5-2.0-1.0 (http:\/\/creativecommons.org\/licenses\/by-sa\/3.0)], via Wikimedia Commons\" href=\"http:\/\/commons.wikimedia.org\/wiki\/File%3AJermaine_Jones.JPG\"><img decoding=\"async\" alt=\"Jermaine Jones\" src=\"https:\/\/upload.wikimedia.org\/wikipedia\/commons\/e\/e3\/Jermaine_Jones.JPG\" width=\"256\" \/><\/a><\/center>Insgesamt eine doch ziemlich gemischte Saison-Leitung des geb\u00fcrtigen Frankfurters, von dem ich mir mehr Ans\u00e4tze im Spiel nach vorn wie z. B. bei seinem Tor gegen Galatasaray Istanbul erwartet h\u00e4tte.<\/p>\n<p>In der neuen Saison bleibt abzuwarten, wie Jones auf die neue Herausforderung durch den jungen Bochumer Leon Goretzka reagieren wird.<br \/>\nEs w\u00e4re allerdings ein Fehler, den kampfstarken US-Boy vorzeitig abzuschreiben. Findet er zu einer konstanten Form, so ist er mit seiner Erfahrung und seinem couragiertem Auftreten aus der Schalker Mannschaft kaum wegzudenken.<\/p>\n<h3>Marco H\u00f6ger<\/h3>\n<p>Zu den positiven \u00dcberraschungen der vergangenen Saison geh\u00f6rte sicherlich der Ex-Aachener Marco H\u00f6ger.<br \/>\nEigentlich nur als Alternative im defensiven Mittelfeld hinter Jones und Neust\u00e4dter vorgesehen, kam er doch aufgrund solider Vorstellungen zu etlichen Eins\u00e4tzen im Verlauf des Spieljahres.<\/p>\n<p>Unvergessen wird auf jeden Fall seine \u00fcberragenden Leistung im ersten Revierderby bei Borussia Dortmund bleiben. Mit einem sch\u00f6nen Tor und einer auch ansonsten gl\u00e4nzenden Vorstellung hatte er ma\u00dfgeblichen Anteil am Erfolg gegen die Schwarz-Gelben.<\/p>\n<p>Weniger \u00fcberzeugend waren f\u00fcr mich dagegen seine Auftritte als Ersatz f\u00fcr den zwischenzeitlich verletzten Atsuto Uchida auf der Position als rechter Verteidiger. Hier fehlte vor allem das Verst\u00e4ndnis im offensiven Zusammenspiel mit Jefferson Farfan, was der Japaner wesentlich besser beherrschte.<\/p>\n<p>Interessant d\u00fcrfte auch bei Marco H\u00f6ger die weitere Entwicklung sein.<br \/>\nIch traue ihm allerdings durchaus zu, seinen Konkurrenten im defensiven Mittelfeld Jones, Neust\u00e4dter und Goretzka das Feld nicht kampflos zu \u00fcberlassen.<br \/>\nEbenso w\u00e4re er bei einer entsprechenden Leistungssteigerung auch auf der rechten Au\u00dfenbahn einsetzbar.<\/p>\n<p><center><img loading=\"lazy\" decoding=\"async\" alt=\"Arena AufSchalke\" src=\"http:\/\/www.joerglipinski.de\/bilder\/schalke\/IMG_0728.JPG\" width=\"408\" height=\"263\" \/><\/center><\/p>\n<h3>Roman Neust\u00e4dter<\/h3>\n<p>Eigentlich ist zu dem Gladbacher Neuzugang bereits alles gesagt worden.<br \/>\nF\u00fcr mich wird sein Absturz von einem der \u00fcberragenden Spieler in den ersten Begegnungen der Saison zu einem v\u00f6llig verunsicherten, zaghaft spielenden Sicherheitsrisiko nach wie vor unerkl\u00e4rbar bleiben.<\/p>\n<p>Nach einer guten Saison bei Borussia M\u00f6nchengladbach hatte Neust\u00e4dter bei seinem neuen Arbeitgeber Schalke 04 nahtlos daran angeschlossen. Cool und kontrolliert zog er mit seinem Kurzpassspiel die B\u00e4lle an sich und war die zentrale Umschaltstelle der Knappen im Spiel nach vorn.<br \/>\nUnspektakul\u00e4r erledigte er zudem zuverl\u00e4sslich die Abwehrarbeit und unterbrach somit viele Angriffsbem\u00fchungen des Gegners fr\u00fchzeitig.<\/p>\n<p>V\u00f6llig zurecht erspielte er sich so eine Einladung f\u00fcr die Nationalmannschaft.<\/p>\n<p>Der Absturz begann mit der 0:2-Niederlage in Leverkusen, eine f\u00fcr den weiteren Saisonverlauf der Schalker offenbar symptomatische Partie.<br \/>\nHier traten nicht nur die Probleme der Mannschaft mit Trainer Huub Stevens erstmals \u00f6ffentlich zutage, sondern dabei wirkte auch Roman Neust\u00e4dter erstmalig \u00fcberfordert und verunsichert.<\/p>\n<p>Er konnte im weiteren Verlauf der Saison auch nicht mehr an seine guten Leistungen ankn\u00fcpfen, gegen Galatasaray Istanbul leitete er zudem mit einem katastrophalen Fehlpass das Aus in der Champions-League ein.<\/p>\n<p>Negativer H\u00f6hepunkt war dann die Nichtber\u00fccksichtigung aufgrund seiner schwachen Leistungen beim 1.FC N\u00fcrnberg, wo ihn Trainer Jens Keller auch trotz R\u00fcckstandes nicht mehr einwechselte.<\/p>\n<p>Auch bei Roman Neust\u00e4dter bleibt daher abzuwarten, wie er sich in der neuen Saison pr\u00e4sentieren wird.<br \/>\nIm Kampf um die beiden Pl\u00e4tze im defensiven Mittelfeld der Schalker wird er sich solche Schw\u00e4chen zuk\u00fcnftig wohl nicht mehr leisten k\u00f6nnen, neben der bisherigen Konkurrenz durch Jermaine Jones und Marco H\u00f6ger wird auch der junge Bochumer Leon Goretzka f\u00fcr zus\u00e4tzlichen Druck sorgen.<\/p>\n<p>Und nicht zu vergessen, auch der U21-Nationalspieler Sead Kolasinac kann ebenfalls auf dieser Position eingesetzt werden.<\/p>\n<p>Der Konkurrenzkampf im defensiven Mittelfeld ist also er\u00f6ffnet, h\u00e4rter noch als im letzten Jahr.<\/p>\n<p>Nach den Erfahrungen der vergangenen Saison kann das nur gut sein.<\/p>","protected":false},"excerpt":{"rendered":"<p>So, nach Teil 1 geht es nun weiter mit den Bewertungen der einzelnen Spieler f\u00fcr die vergangene Saison sowie den Ausblick auf ihre M\u00f6glichkeiten und Chancen in der neuen Spielzeit. Diesmal: das defensive Mittelfeld&#8230;<\/p>\n","protected":false},"author":2,"featured_media":0,"comment_status":"closed","ping_status":"closed","sticky":false,"template":"","format":"standard","meta":{"footnotes":""},"categories":[7],"tags":[12,21,13,25],"class_list":["post-3526","post","type-post","status-publish","format-standard","hentry","category-fc-schalke-04","tag-bundesliga","tag-fussball","tag-schalke","tag-sport"],"_links":{"self":[{"href":"http:\/\/www.joerglipinski.de\/blog\/wp-json\/wp\/v2\/posts\/3526","targetHints":{"allow":["GET"]}}],"collection":[{"href":"http:\/\/www.joerglipinski.de\/blog\/wp-json\/wp\/v2\/posts"}],"about":[{"href":"http:\/\/www.joerglipinski.de\/blog\/wp-json\/wp\/v2\/types\/post"}],"author":[{"embeddable":true,"href":"http:\/\/www.joerglipinski.de\/blog\/wp-json\/wp\/v2\/users\/2"}],"replies":[{"embeddable":true,"href":"http:\/\/www.joerglipinski.de\/blog\/wp-json\/wp\/v2\/comments?post=3526"}],"version-history":[{"count":30,"href":"http:\/\/www.joerglipinski.de\/blog\/wp-json\/wp\/v2\/posts\/3526\/revisions"}],"predecessor-version":[{"id":24411870,"href":"http:\/\/www.joerglipinski.de\/blog\/wp-json\/wp\/v2\/posts\/3526\/revisions\/24411870"}],"wp:attachment":[{"href":"http:\/\/www.joerglipinski.de\/blog\/wp-json\/wp\/v2\/media?parent=3526"}],"wp:term":[{"taxonomy":"category","embeddable":true,"href":"http:\/\/www.joerglipinski.de\/blog\/wp-json\/wp\/v2\/categories?post=3526"},{"taxonomy":"post_tag","embeddable":true,"href":"http:\/\/www.joerglipinski.de\/blog\/wp-json\/wp\/v2\/tags?post=3526"}],"curies":[{"name":"wp","href":"https:\/\/api.w.org\/{rel}","templated":true}]}}