{"id":3340054,"date":"2016-06-03T10:29:50","date_gmt":"2016-06-03T08:29:50","guid":{"rendered":"http:\/\/www.joerglipinski.de\/blog\/?p=3340054"},"modified":"2025-08-08T08:05:09","modified_gmt":"2025-08-08T06:05:09","slug":"nu-isset-endlich-soweit-markus-weinzierl-auch-offiziell-neuer-trainer-auf-schalke","status":"publish","type":"post","link":"http:\/\/www.joerglipinski.de\/blog\/nu-isset-endlich-soweit-markus-weinzierl-auch-offiziell-neuer-trainer-auf-schalke\/","title":{"rendered":"Nu isset endlich soweit: Markus Weinzierl auch offiziell neuer Trainer Auf Schalke"},"content":{"rendered":"<p>Ebenfalls von Torsten Wieland auf K\u00f6nigsblog vermeldet:<br \/>\n<Center><\/p>\n<blockquote class=\"twitter-tweet\" data-lang=\"de\">\n<p lang=\"de\" dir=\"ltr\">So. JETZT ist es offiziell. <br \/>Gl\u00fcckauf, Markus. <br \/>(Auf Schalke wird geduzt) <a href=\"https:\/\/t.co\/Ms2O8I69Kb\">https:\/\/t.co\/Ms2O8I69Kb<\/a><\/p>\n<p>&mdash; Torsten Wieland (@TorstenWieland) <a href=\"https:\/\/twitter.com\/TorstenWieland\/status\/738416624580079616\">2. Juni 2016<\/a><\/p><\/blockquote>\n<p> <script async src=\"\/\/platform.twitter.com\/widgets.js\" charset=\"utf-8\"><\/script><\/Center><\/p>\n<p>Man darf gespannt sein, was das Gespann <a href=\"https:\/\/de.wikipedia.org\/wiki\/Christian_Heidel\" target=\"_blank\">Heidel<\/a> &#8211; <a href=\"https:\/\/de.wikipedia.org\/wiki\/Markus_Weinzierl\" target=\"_blank\">Weinzierl<\/a> so aus dem Gelsenkirchener Bundesligisten herauszukitzeln vermag&#8230;<\/p>\n<p>Bin allerdings noch ein wenig skeptisch, da der (ehemalige) <a href=\"https:\/\/de.wikipedia.org\/wiki\/FC_Augsburg\" target=\"_blank\">FCA<\/a>-Coach bisher ebenso wie <a href=\"https:\/\/de.wikipedia.org\/wiki\/Andr%C3%A9_Breitenreiter\" target=\"_blank\">Andr\u00e8 Breitenreiter<\/a> noch keinen Topclub l\u00e4ngerfristig betreut hat, lasse mich aber gern von seiner Arbeit \u00fcberzeugen. Nun wird es dagegen dann auch h\u00f6chste Eisenbahn mit den dringend notwendigen Kaderver\u00e4nderungen.<\/p>\n<p>Mal schauen, was der Markt so hergibt w\u00e4hrend oder nach der <a href=\"https:\/\/de.wikipedia.org\/wiki\/Fu%C3%9Fball-Europameisterschaft_2016\" target=\"_blank\">Europameisterschaft<\/a>&#8230;<\/p>","protected":false},"excerpt":{"rendered":"<p>Ebenfalls von Torsten Wieland auf K\u00f6nigsblog vermeldet: So. JETZT ist es offiziell. Gl\u00fcckauf, Markus. (Auf Schalke wird geduzt) https:\/\/t.co\/Ms2O8I69Kb &mdash; Torsten Wieland (@TorstenWieland) 2. Juni 2016 Man darf gespannt sein, was das Gespann Heidel &#8211; Weinzierl so aus dem Gelsenkirchener<\/p>\n","protected":false},"author":2,"featured_media":0,"comment_status":"closed","ping_status":"closed","sticky":false,"template":"","format":"standard","meta":{"footnotes":""},"categories":[7],"tags":[12,21,13,25],"class_list":["post-3340054","post","type-post","status-publish","format-standard","hentry","category-fc-schalke-04","tag-bundesliga","tag-fussball","tag-schalke","tag-sport"],"_links":{"self":[{"href":"http:\/\/www.joerglipinski.de\/blog\/wp-json\/wp\/v2\/posts\/3340054","targetHints":{"allow":["GET"]}}],"collection":[{"href":"http:\/\/www.joerglipinski.de\/blog\/wp-json\/wp\/v2\/posts"}],"about":[{"href":"http:\/\/www.joerglipinski.de\/blog\/wp-json\/wp\/v2\/types\/post"}],"author":[{"embeddable":true,"href":"http:\/\/www.joerglipinski.de\/blog\/wp-json\/wp\/v2\/users\/2"}],"replies":[{"embeddable":true,"href":"http:\/\/www.joerglipinski.de\/blog\/wp-json\/wp\/v2\/comments?post=3340054"}],"version-history":[{"count":16,"href":"http:\/\/www.joerglipinski.de\/blog\/wp-json\/wp\/v2\/posts\/3340054\/revisions"}],"predecessor-version":[{"id":24364302,"href":"http:\/\/www.joerglipinski.de\/blog\/wp-json\/wp\/v2\/posts\/3340054\/revisions\/24364302"}],"wp:attachment":[{"href":"http:\/\/www.joerglipinski.de\/blog\/wp-json\/wp\/v2\/media?parent=3340054"}],"wp:term":[{"taxonomy":"category","embeddable":true,"href":"http:\/\/www.joerglipinski.de\/blog\/wp-json\/wp\/v2\/categories?post=3340054"},{"taxonomy":"post_tag","embeddable":true,"href":"http:\/\/www.joerglipinski.de\/blog\/wp-json\/wp\/v2\/tags?post=3340054"}],"curies":[{"name":"wp","href":"https:\/\/api.w.org\/{rel}","templated":true}]}}