{"id":24447288,"date":"2026-09-01T07:00:15","date_gmt":"2026-09-01T05:00:15","guid":{"rendered":"https:\/\/www.joerglipinski.de\/blog\/?p=24447288"},"modified":"2026-08-31T15:24:56","modified_gmt":"2026-08-31T13:24:56","slug":"ernuechterung-nach-der-rueckkehr-des-s04-in-die-erste-bundesliga","status":"publish","type":"post","link":"http:\/\/www.joerglipinski.de\/blog\/ernuechterung-nach-der-rueckkehr-des-s04-in-die-erste-bundesliga\/","title":{"rendered":"Ern\u00fcchterung nach der R\u00fcckkehr des S04 in die Erste Bundesliga"},"content":{"rendered":"<p>Am Ende kam es dann doch noch richtig happig: das <a href=\"https:\/\/www.kicker.de\/augsburg-gegen-schalke-2026-bundesliga-5226814\/analyse\" target=\"_blank\">0:3 beim FC Augsburg<\/a> zum Auftakt der neuen Saison lie\u00df alle Schalker Optimisten mit einem Schlag verstummen.<\/p>\n<p><center><a title=\"Andinem, Copyrighted free use, via Wikimedia Commons\" href=\"https:\/\/commons.wikimedia.org\/wiki\/File:Panorama_Impuls_Arena_2.jpg\"><img decoding=\"async\" width=\"600\" alt=\"Panorama Impuls Arena 2\" src=\"https:\/\/upload.wikimedia.org\/wikipedia\/commons\/thumb\/d\/dc\/Panorama_Impuls_Arena_2.jpg\/330px-Panorama_Impuls_Arena_2.jpg?utm_source=commons.wikimedia.org&#038;utm_campaign=index&#038;utm_content=thumbnail\"><\/a><br \/>\n<em>Innenraum der Augsburger WWK Arena vor einem Bundesliga-Spiel<\/em><\/center><\/p>\n<p>Ungl\u00fccklicher h\u00e4tte es wohl kaum laufen k\u00f6nnen f\u00fcr die Knappen-Elf, als Trainer Miron Muslic nach 62 Spielminuten (die bis auf einige heftige Wackler in der Defensive doch ganz gut anzuschauen waren) mit einem Dreifach-Wechsel durch die Neuzug\u00e4nge Maximilian W\u00f6ber, Junior Dina Ebimbe und Robin Gosens frischen Wind auf den Rasen der WWK-Arena bringen wollte.<\/p>\n<p><!--more Weiterlesen...--><\/p>\n<p>Nur Sekunden sp\u00e4ter brachte Ron Schallenberg FCA-St\u00fcrmer Gregoritsch per Notbremse zu Fall und kassierte daf\u00fcr die Rote Karte. Ob berechtigt oder nicht ver\u00e4nderte diese Entscheidung von Schieds-richter Sascha Stegemann mit einem Schlag nat\u00fcrlich das gesamte Konzept, mit dem Schalke hoffte wieder in die Partie zur\u00fcckzukommen.<\/p>\n<p>Stattdessen \u00fcbernahmen nun die Fuggerst\u00e4dter immer mehr die Initiative und legten gnadenlos die Schw\u00e4chen eines jetzt v\u00f6llig \u00fcberforderten Aufsteigers blo\u00df. Die Abschlussschw\u00e4che der Augsburger und ein gut aufgelegter Loris Karius verhinderten zu dieser Zeit weitere Gegentreffer, ehe der \u00fcber-ragende Anton Kade mit dem 2:0 die Schwaben endg\u00fcltig auf die Siegerstra\u00dfe brachte.<\/p>\n<p>Auch wenn das dritte Augsburger Tor erst in der Nachspielzeit fiel, tat die Art und Weise dieser Niederlage doch schon ziemlich weh. Eine oft \u00fcberspielte und recht langsame Abwehr sowie ein harmloser Sturm mit schlechter Chancenverwertung lauteten die gr\u00f6\u00dften Probleme der Schalker bei dieser kalten Dusche zum Saisonauftakt.<\/p>\n<p>Sp\u00e4testens jetzt m\u00fcssten alle Optimisten, die fest der Ansicht waren, Schalke habe mit diesem Kader nichts mit dem Abstieg zu tun wohl oder \u00fcbel umdenken. Auch mich selbst z\u00e4hle ich mit dazu, insofern ist die Ern\u00fcchterung nach diesem Realit\u00e4tscheck umso gr\u00f6\u00dfer.<\/p>\n<p>Ich will mich jetzt aber auch nicht in Einzelkritik verrennen, daf\u00fcr halte ich es nach dem ersten Spiel noch f\u00fcr viel zu fr\u00fch. Jeder hat gesehen, dass bei dem einen oder anderen noch einiges gefehlt hat zum Erstligaformat. <\/p>\n<p>Und doch glaube ich immer noch daran, dass am Ende der Klassenerhalt auf der Habenseite der Knap-pen stehen wird. Es wird allerdings kein Spaziergang, und Miron Muslic und die gesamte Mannschaft werden sich gewaltig strecken m\u00fcssen um mit Tabellenplatz 14-15 diese Saison abschlie\u00dfen zu k\u00f6n-nen.   <\/p>","protected":false},"excerpt":{"rendered":"<p>Am Ende kam es dann doch noch richtig happig: das 0:3 beim FC Augsburg zum Auftakt der neuen Saison lie\u00df alle Schalker Optimisten mit einem Schlag verstummen. Innenraum der Augsburger WWK Arena vor einem Bundesliga-Spiel Ungl\u00fccklicher h\u00e4tte es wohl kaum<\/p>\n","protected":false},"author":2,"featured_media":0,"comment_status":"closed","ping_status":"closed","sticky":false,"template":"","format":"standard","meta":{"footnotes":""},"categories":[7],"tags":[12,21,13,25],"class_list":["post-24447288","post","type-post","status-publish","format-standard","hentry","category-fc-schalke-04","tag-bundesliga","tag-fussball","tag-schalke","tag-sport"],"_links":{"self":[{"href":"http:\/\/www.joerglipinski.de\/blog\/wp-json\/wp\/v2\/posts\/24447288","targetHints":{"allow":["GET"]}}],"collection":[{"href":"http:\/\/www.joerglipinski.de\/blog\/wp-json\/wp\/v2\/posts"}],"about":[{"href":"http:\/\/www.joerglipinski.de\/blog\/wp-json\/wp\/v2\/types\/post"}],"author":[{"embeddable":true,"href":"http:\/\/www.joerglipinski.de\/blog\/wp-json\/wp\/v2\/users\/2"}],"replies":[{"embeddable":true,"href":"http:\/\/www.joerglipinski.de\/blog\/wp-json\/wp\/v2\/comments?post=24447288"}],"version-history":[{"count":13,"href":"http:\/\/www.joerglipinski.de\/blog\/wp-json\/wp\/v2\/posts\/24447288\/revisions"}],"predecessor-version":[{"id":24447338,"href":"http:\/\/www.joerglipinski.de\/blog\/wp-json\/wp\/v2\/posts\/24447288\/revisions\/24447338"}],"wp:attachment":[{"href":"http:\/\/www.joerglipinski.de\/blog\/wp-json\/wp\/v2\/media?parent=24447288"}],"wp:term":[{"taxonomy":"category","embeddable":true,"href":"http:\/\/www.joerglipinski.de\/blog\/wp-json\/wp\/v2\/categories?post=24447288"},{"taxonomy":"post_tag","embeddable":true,"href":"http:\/\/www.joerglipinski.de\/blog\/wp-json\/wp\/v2\/tags?post=24447288"}],"curies":[{"name":"wp","href":"https:\/\/api.w.org\/{rel}","templated":true}]}}