{"id":24336385,"date":"2025-04-05T07:00:51","date_gmt":"2025-04-05T05:00:51","guid":{"rendered":"http:\/\/www.joerglipinski.de\/blog\/?p=24336385"},"modified":"2025-07-24T09:12:09","modified_gmt":"2025-07-24T07:12:09","slug":"economic-history-die-krise-in-griechenland-es-haette-nicht-so-kommen-muessen","status":"publish","type":"post","link":"http:\/\/www.joerglipinski.de\/blog\/economic-history-die-krise-in-griechenland-es-haette-nicht-so-kommen-muessen\/","title":{"rendered":"Economic History: Die Krise in Griechenland &#8211; es h\u00e4tte nicht so kommen m\u00fcssen"},"content":{"rendered":"<p>&#8230;Dann kam der Kardinalfehler: Im <a href=\"https:\/\/de.wikipedia.org\/wiki\/Internationaler_W%C3%A4hrungsfonds\" target=\"_blank\" rel=\"noopener\">IWF<\/a>-Vorstand setzten die Europ\u00e4er und Amerikaner trotz <a href=\"https:\/\/www.wsj.com\/articles\/SB10001424052702304441404579119180237594344\" target=\"_blank\" rel=\"noopener\">heftiger Opposition mehrerer Exekutivdirektoren<\/a> ein Rettungspaket durch, das den griechischen Privatgl\u00e4ubi-gern entgegen den Regeln des Fonds keinerlei Verluste aufzwang. <\/p>\n<p><Center><a title=\"linmtheu, CC BY-SA 2.0 &lt;https:\/\/creativecommons.org\/licenses\/by-sa\/2.0&gt;, via Wikimedia Commons\" href=\"https:\/\/commons.wikimedia.org\/wiki\/File:Syntagma_Square_%27indignados%27.png\"><img decoding=\"async\" width=\"412\" alt=\"Syntagma Square &#039;indignados&#039;\" src=\"https:\/\/upload.wikimedia.org\/wikipedia\/commons\/5\/59\/Syntagma_Square_%27indignados%27.png?20110526100005\"><\/a><br \/>\n<em>Proteste in Griechenland gegen K\u00fcrzungspl\u00e4ne der Regierung 2011<\/em><\/Center><\/p>\n<p>Die Entscheidung beruhte auf der falschen Annahme, nach der die &#8222;Umstrukturierung&#8220; der privaten Schulden eine globale Finanzkrise ausl\u00f6sen w\u00fcrde.<\/p>\n<p><!--more Weiterlesen...--><\/p>\n<p>So liehen die europ\u00e4ischen Regierungen und der IWF Griechenland eine riesige Summe, um seine bestehenden Gl\u00e4ubiger auszuzahlen. Die Schuldenlast Griechenlands blieb trotzdem unver\u00e4ndert und weiterhin enorm belastend, und die am wenigsten gesch\u00fctzten griechischen B\u00fcrger waren gezwungen, eine l\u00e4hmende Austerit\u00e4t zu akzeptieren, um die neuen offiziellen Gl\u00e4ubiger des Landes bedienen zu k\u00f6nnen. Die Wirtschaft ging schnell und vorhersagbar auf Talfahrt.<\/p>\n<p>Selbst als der IWF die Fehler in seinen Ma\u00dfnahmen erkannte, \u00e4nderte er daran nichts. Ein interner <a href=\"https:\/\/www.wsj.com\/articles\/SB10001424127887324299104578527202781667088\" target=\"_blank\" rel=\"noopener\">&#8222;streng vertraulicher&#8220;<\/a> Bericht, <a href=\"https:\/\/www.imf.org\/external\/pubs\/ft\/scr\/2013\/cr13156.pdf\" target=\"_blank\" rel=\"noopener\">der sp\u00e4ter \u00f6ffentlich bekannt gegeben wurde<\/a>, erkannte an, dass das Programm mit &#8222;bemerkenswerten Fehlern&#8220; gespickt war, einschlie\u00dflich des Mangels an privaten Umschuldungen und der Verordnung extensiver, \u00fcberm\u00e4\u00dfiger Austerit\u00e4t.<br \/>\n&#8230;<\/p>\n<p><em><a href=\"https:\/\/de.wikipedia.org\/wiki\/Ashoka_Mody\" target=\"_blank\" rel=\"noopener\">Ashoka Mody<\/a> 2017 in einem <a href=\"https:\/\/www.bloomberg.com\/view\/articles\/2017-02-03\/the-imf-should-get-out-of-greece\" target=\"_blank\" rel=\"noopener\">Artikel auf Bloomberg.com<\/a><\/em><\/p>","protected":false},"excerpt":{"rendered":"<p>&#8230;Dann kam der Kardinalfehler: Im IWF-Vorstand setzten die Europ\u00e4er und Amerikaner trotz heftiger Opposition mehrerer Exekutivdirektoren ein Rettungspaket durch, das den griechischen Privatgl\u00e4ubi-gern entgegen den Regeln des Fonds keinerlei Verluste aufzwang. Proteste in Griechenland gegen K\u00fcrzungspl\u00e4ne der Regierung 2011 Die<\/p>\n","protected":false},"author":2,"featured_media":0,"comment_status":"closed","ping_status":"closed","sticky":false,"template":"","format":"standard","meta":{"footnotes":""},"categories":[3],"tags":[47,54,32,29,44,18],"class_list":["post-24336385","post","type-post","status-publish","format-standard","hentry","category-oekonomie","tag-austeritaet","tag-economic-history","tag-schulden","tag-sparen","tag-volkswirtschaftslehre","tag-wirtschaft"],"_links":{"self":[{"href":"http:\/\/www.joerglipinski.de\/blog\/wp-json\/wp\/v2\/posts\/24336385","targetHints":{"allow":["GET"]}}],"collection":[{"href":"http:\/\/www.joerglipinski.de\/blog\/wp-json\/wp\/v2\/posts"}],"about":[{"href":"http:\/\/www.joerglipinski.de\/blog\/wp-json\/wp\/v2\/types\/post"}],"author":[{"embeddable":true,"href":"http:\/\/www.joerglipinski.de\/blog\/wp-json\/wp\/v2\/users\/2"}],"replies":[{"embeddable":true,"href":"http:\/\/www.joerglipinski.de\/blog\/wp-json\/wp\/v2\/comments?post=24336385"}],"version-history":[{"count":6,"href":"http:\/\/www.joerglipinski.de\/blog\/wp-json\/wp\/v2\/posts\/24336385\/revisions"}],"predecessor-version":[{"id":24345721,"href":"http:\/\/www.joerglipinski.de\/blog\/wp-json\/wp\/v2\/posts\/24336385\/revisions\/24345721"}],"wp:attachment":[{"href":"http:\/\/www.joerglipinski.de\/blog\/wp-json\/wp\/v2\/media?parent=24336385"}],"wp:term":[{"taxonomy":"category","embeddable":true,"href":"http:\/\/www.joerglipinski.de\/blog\/wp-json\/wp\/v2\/categories?post=24336385"},{"taxonomy":"post_tag","embeddable":true,"href":"http:\/\/www.joerglipinski.de\/blog\/wp-json\/wp\/v2\/tags?post=24336385"}],"curies":[{"name":"wp","href":"https:\/\/api.w.org\/{rel}","templated":true}]}}