{"id":22715,"date":"2014-06-18T07:42:52","date_gmt":"2014-06-18T05:42:52","guid":{"rendered":"http:\/\/www.joerglipinski.de\/blog\/?p=22715"},"modified":"2026-03-10T14:50:58","modified_gmt":"2026-03-10T13:50:58","slug":"eine-kleine-aussicht-auf-die-schalker-und-ex-schalker-bei-der-weltmeisterschaft","status":"publish","type":"post","link":"http:\/\/www.joerglipinski.de\/blog\/eine-kleine-aussicht-auf-die-schalker-und-ex-schalker-bei-der-weltmeisterschaft\/","title":{"rendered":"Eine kleine Aussicht auf die Schalker und Ex-Schalker bei der Weltmeisterschaft"},"content":{"rendered":"<p>So, es ist angerichtet: die Fu\u00dfball-Weltmeisterschaft 2014 in Brasilien hat begonnen.<br \/>\nDa auch einige Schalker und ehemalige Schalker dabei sind, gibt es hier nun einen kleinen Ausblick auf ihre Chancen, ein wenig Spielzeit oder vielleicht auch mehr bei diesem Turnier zu sehen.<br \/>\nGrundlage sind dabei die Leistungen der jeweils ersten Vorrundenspiele. <\/p>\n<p><center><a title=\"Ivan Rakitic and Neymar, Brazil and Croatia match at the FIFA World Cup 2014-06-12 by Ag\u00eancia Brasil [CC-BY-3.0-br (http:\/\/creativecommons.org\/licenses\/by\/3.0\/br\/deed.en)], via Wikimedia Commons\" href=\"http:\/\/commons.wikimedia.org\/wiki\/File%3ABrazil_and_Croatia_match_at_the_FIFA_World_Cup_2014-06-12_(19).jpg\"><img decoding=\"async\" width=\"412\" alt=\"Ivan Rakitic and Neymar, Brazil and Croatia match at the FIFA World Cup 2014-06-12\" src=\"https:\/\/upload.wikimedia.org\/wikipedia\/commons\/2\/22\/Brazil_and_Croatia_match_at_the_FIFA_World_Cup_2014-06-12_%2819%29.jpg\"\/><\/a><\/center><\/p>\n<p>Aus dem aktuellen S04-Kader weilen folgende Akteure in S\u00fcdamerika:<br \/>\nBenedikt H\u00f6wedes, Julian Draxler (beide Deutschland), Klaas-Jan Huntelaar (Niederlande), Joel Matip (Kamerun), Kevin-Prince Boateng (Ghana), Atsuto Uchida (Japan), Sead Kolasinac (Bosnien-Herzegowina) und der Frankfurter R\u00fcckkehrer Tranquillo Barnetta (Schweiz).<br \/>\nAls ehemalige Schalker dabei sind Ivan Rakitic (Kroatien), Mario Gavranovic (Schweiz) und Jermaine Jones (USA).<\/p>\n<p><!--more Weiterlesen...--><\/p>\n<p>Zu erw\u00e4hnen w\u00e4re vielleicht auch noch Eric-Maxim Choupo-Moting (Kamerun), da noch immer Ger\u00fcchte \u00fcber einen angeblichen Wechsel von Mainz nach Gelsenkirchen kursieren.<br \/>\nUnd ein Augenmerk wollen wir nat\u00fcrlich auch auf den Trainer der belgischen Nationalmannschaft werfen, den ehemaligen Euro-Fighter und Mitglied der Schalker Jahrhundertelf <a href=\"http:\/\/de.wikipedia.org\/wiki\/Marc_Wilmots\" title=\"Marc Wilmots \u2013 Wikipedia\" target=\"_blank\">Marc Wilmots<\/a>.  <\/p>\n<p><b>Benedikt H\u00f6wedes und Julian Draxler<\/b><br \/>\nDefinitv einen Auftakt nach Ma\u00df erwischte die deutsche Nationalmannschaft und damit auch Benedikt H\u00f6wedes, der doch etwas \u00fcberraschend auf der ungewohnten Position des linken Au\u00dfenverteidigers zum Einsatz kam.<br \/>\nBeim auch in der H\u00f6he verdienten 4:0-Erfolg \u00fcber Portugal bot der Schalker Kapit\u00e4n eine solide Leistung mit der f\u00fcr ihn auf den Au\u00dfenbahnen gewohnten defensiven St\u00e4rken. Nach vorn allerdings vermochte er nur wenige Akzente zu setzen, was allerdings an diesem Tag gegen die S\u00fcdeurop\u00e4er auch nicht unbedingt notwendig war, da diese Rolle andere \u00fcbernahmen. Momentan deutet viel darauf hin, dass H\u00f6wedes seine Rolle auf der linken Au\u00dfenbahn wohl ziemlich sicher hat, offensichtlich sch\u00e4tzt ihn Yogi L\u00f6w vor allem wegen seiner Vielseitigkeit.<\/p>\n<p>Weniger gl\u00fccklich d\u00fcrfte Julian Draxler gewesen sein, der den Auftakterfolg gegen Portugal nur von der Ersatzbank mitverfolgen konnte. Und da die deutsche Nationalmannschaft im offensiven Mittelfeld \u00fcberdurchschnittlich gut besetzt ist (neben Thomas M\u00fcller, Mesut \u00d6zil und Mario G\u00f6tze stehen in der Rangfolge momentan wohl auch noch Andre Sch\u00fcrrle und Lukas Podolski vor ihm), steht zu bef\u00fcrchten, dass es auch so weiter gehen wird. Realistisch gesehen kann Draxler eigentlich nur auf gelegentliche Kurzeins\u00e4tze hoffen. Mehr scheint zur Zeit nicht drin zu sein.<\/p>\n<p><b>Joel Matip<\/b><br \/>\nNicht zum Einsatz kam der Schalker Innenverteidiger bei der 0:1-Niederlage seiner Mannschaft gegen Mexiko. Das wunderte mich aber schon etwas, sah es in der Vorbereitung doch lange danach aus, als ob Matip einen Stammplatz im Defensivverbund Kameruns sicher h\u00e4tte. Schade eigentlich, nach einer bemerkenswerten R\u00fcckrunde in der Bundesliga h\u00e4tte er es eigentlich verdient.<br \/>\nNa ja, kann ja m\u00f6glicherweise noch werden. <\/p>\n<p><b>Klaas-Jan Huntelaar<\/b><br \/>\nVielleicht noch mehr als Joel Matip d\u00fcrfte sich der holl\u00e4ndische Top-Torj\u00e4ger \u00fcber seine undankbare Rolle auf der Ersatzbank der Niederlande ge\u00e4rgert haben.<br \/>\nNicht nur dass dem Vernehmen nach sein Verh\u00e4ltnis zum exzentrischen Bondscoach <a href=\"http:\/\/de.wikipedia.org\/wiki\/Louis_van_Gaal\" title=\"Louis van Gaal \u2013 Wikipedia\" target=\"_blank\">van Gaal<\/a> nicht gerade das Beste sein soll, zu allem \u00dcberfluss beteiligte sich sein gro\u00dfer Konkurrent f\u00fcr die Rolle im Sturmzentrum Robbie van Persie mit einer Galavorstellung und zwei Treffern an dem bemerkenswerten 5:1-Auftaktsieg gegen Weltmeister Spanien.<\/p>\n<p>Es geh\u00f6rt nun nicht mehr sehr viel Phantasie dazu, sich klarzumachen, dass dieser Erfolg die zuk\u00fcnftigen Einsatzchancen Huntelaars wohl auf ein Minimum reduziert hat.<br \/>\nSchon sehr \u00e4rgerlich f\u00fcr den ehemaligen Torsch\u00fctzenk\u00f6nig der Bundesliga und eine echtes Luxusproblem f\u00fcr die Niederlande. In so ziemlicher jeder anderen Mannschaft h\u00e4tte ein Spieler mit solch einer Torgarantie wie Huntelaar wohl hundertprozentig einen Stammplatz sicher. <\/p>\n<p><b>Atsuto Uchida<\/b><br \/>\nSo gut wie nichts habe ich dagegen von der ersten Begegnung der japanischen Nationalmannschaft gegen die Elfenbeink\u00fcste mit bekommen. Dies lag allerdings schlicht an der Tatsache, dass dieses Spiel in Deutschland am letzten Sonntag nachts um drei Uhr \u00fcbertragen wurde. Immerhin stand Uchida in der Startaufstellung Japans, nach seiner langen Verletzungspause finde ich das doch etwas \u00fcberraschend.<\/p>\n<p>Dem H\u00f6rensagen nach hatte der rechte Au\u00dfenverteidiger auch noch eine riesige Torchance, die er allerdings vergab. So konnte Uchida letztlich die Niederlage seiner Mannschaft gegen die Afrikaner nicht verhindern. Im Hinblick auf die neue Saison bin ich jedoch sehr erleichtert, dass der Japaner offensichtlich auf dem besten Weg ist, wieder richtig fit zu werden. Hoffentlich bleibt das auch so.<br \/>\nDenn solange es keine Alternative f\u00fcr ihn im Schalker Kader gibt, sieht es ohne ihn auf der rechten Au\u00dfenbahn recht mau aus.<\/p>\n<p><b>Sead Kolasinac<\/b><br \/>\nNach nur drei Minuten im Auftaktmatch der Bosnier gegen Argentinien geh\u00f6rte der Schalker Au\u00dfenverteidiger schon zu den ersten Ungl\u00fccksraben der Weltmeisterschaft. Nach einem Freisto\u00df von Lionel Messi prallte der Ball von &#8222;Kolas&#8220; Fu\u00df ungl\u00fccklich ins eigene Tornetz.<br \/>\nAm Ende half auch der Ehrentreffer vom Stuttgarter <a href=\"http:\/\/de.wikipedia.org\/wiki\/Vedad_Ibi%C5%A1evi%C4%87\" title=\"Vedad Ibi\u0161evi\u0107 \u2013 Wikipedia\" target=\"_blank\">Vedad Ibi\u0161evi\u0107<\/a> Bosnien-Herzegowina nicht mehr, die Niederlage gegen den Mitfavoriten Argentinien noch zu verhindern.<br \/>\nSchade nat\u00fcrlich f\u00fcr Sead Kolasinac, auch ihm h\u00e4tte ich nach seinem bemerkenswerten Aufstieg im Schalker Trikot etwas mehr Gl\u00fcck im Dress seines zweiten Heimatlandes gew\u00fcnscht.<br \/>\nDoch bleibt immerhin festzuhalten, dass er den Sprung in die Stammformation der Bosnier offenbar geschafft hat. <\/p>\n<p><b>Kevin-Prince Boateng<\/b><br \/>\nIn der Vorbereitung fremdelte Prince Boateng offenbar etwas in seinem Verh\u00e4ltnis zu ghanaischen Nationalmannschaft. W\u00e4hrend seine afrikanischen Landsleute haupts\u00e4chlich durch ihren zur Schau gestellten Frohsinn auffielen, wirkte der in der Berlin Geborene durch seine N\u00fcchternheit eher wie ein Fremdk\u00f6rper im Team.<\/p>\n<p>Etwas \u00fcberraschend stand er dann auch nicht in der Startaufstellung zum Auftaktmatch gegen die USA. Dass er erst nach rund 60 Minuten eingewechselt wurde, d\u00fcrfte ihn nicht zufrieden gestellt haben, hatte er doch vorher \u00fcber die sozialen Netzwerk seinen Optimismus zum Ausdruck gebracht, von Anfang an spielen zu d\u00fcrfen. M\u00f6glicherweise kann er von der 1:2-Niederlage gegen die Amerikaner profitieren und sich seinen Stammplatz zur\u00fcckerobern.<br \/>\nMal sehen. <\/p>\n<p><b>Jermaine Jones<\/b><br \/>\nDer in der Winterpause eher im Unfrieden von Schalke zu Besiktas Istanbul gewechselte Jones hatte im Spiel USA-Ghana schon nach ca. 30 Sekunden seine beste Aktion,als er Clint Dempsey den Ball zum bisher schnellsten Tor dieser WM servierte.<br \/>\nDanach reichte eine eher mittelm\u00e4\u00dfige Leistung, um am Ende die Afrikaner um seinen ehemaligen Vereinskollegen Kevin-Prince Boateng mit 2:1 zu besiegen.<br \/>\nIch bin mal gespannt, wie Jermaine Jones und seine US-Boys in den restlichen Begegnungen gegen Portugal und Deutschland so klar kommen.<\/p>\n<p><b>Tranquillo Barnetta und Mario Gavranovic<\/b><br \/>\nEbenso wie einige andere spielten die beiden Schweizer keine Rolle beim Sieg der Eidgenossen gegen Ecuador. Da beide \u00fcberhaupt nicht zum Einsatz kamen, ist momentan auch nur schwer abzusch\u00e4tzen, welche Rollenverteilung sich der Schweizer Trainer <a href=\"http:\/\/de.wikipedia.org\/wiki\/Ottmar_Hitzfeld\" title=\"Ottmar Hitzfeld \u2013 Wikipedia\" target=\"_blank\">Ottmar Hitzfeld<\/a> f\u00fcr die Beiden so vorstellen mag. <\/p>\n<p><b>Ivan Rakitic<\/b><br \/>\nDen ersten bemerkenswerten Auftritt auf der gro\u00dfen WM-B\u00fchne hatte der Ex-Schalker Ivan Rakitic exklusiv f\u00fcr sich beim Er\u00f6ffnungsspiel Brasilien gegen Kroatien.<br \/>\nDer frischgebackene Europa-League-Gewinner konnte dabei mit einer ansehnlichen Leistung \u00fcberzeugen und war auch mit einem schnellen Vorsto\u00df am F\u00fchrungstreffer der Kroaten beteiligt.<\/p>\n<p>Ich fand es schon etwas schmerzhaft zu sehen, wie der damals von Felix Magath in Schalke &#8222;vom Hof gejagte&#8220; Mittelfeldmotor sich zu einem echten F\u00fchrungsspieler sowohl beim FC Sevilla als auch in der kroatischen Nationalmannschaft entwickelt hat.<br \/>\nSein bevorstehender Wechsel zum FC Barcelona ist der verdiente Lohn daf\u00fcr. Mal sehen, was f\u00fcr ihn in einer durchaus nicht schlechten Mannschaft bei dieser WM so noch erreichbar ist.  <\/p>\n<p><b>Eric-Maxim Choupo-Moting<\/b><br \/>\nHartn\u00e4ckig h\u00e4lt sich ja Auf Schalke derzeitig das Ger\u00fccht, man w\u00e4re an einer Verpflichtung des Mainzer St\u00fcrmers interessiert. Zus\u00e4tzlichen Auftrieb erhielt dieser Verdacht durch die gute Leistung Choupo-Motings im letzten Vorbereitungsspiel Kameruns gegen Deutschland, bei dem er auch als Torsch\u00fctze gl\u00e4nzen konnte.<\/p>\n<p>Allerdings fiel er dann in der ersten Begegnung der WM gegen Mexiko, bei der er ebenfalls von Anfang an auf dem Platz stand, nicht weiter auf. Zudem sind nun angeblich auch die italienischen Klubs AS Rom und FC Genua mit auf das Wechselkarussell aufgesprungen.<br \/>\nBleibt abzuwarten, wie sich das weiter entwickeln wird.<\/p>\n<p><b>Marc Wilmots<\/b><br \/>\nFleissig an seiner Reputation als Trainer arbeiten konnte der Coach der belgischen Nationalmannschaft in der Partie gegen Algerien. Nachdem seine bereits vor der WM zum Geheimfavoriten geadelte Truppe in der ersten Halbzeit eher den Eindruck gro\u00dfer Ideenlosigkeit und Schwerf\u00e4lligkeit verbreitet hatte, bewies Wilmots in der Pause ein &#8222;goldenes&#8220; H\u00e4ndchen.<br \/>\nDie von ihm eingewechselten Marouane Fellaini und Dries Mertens drehten mit ihren Toren einen 0:1-R\u00fcckstand und verhinderten so einen belgischen Fehlstart. <\/p>\n<p>Wer wei\u00df, vielleicht hat man ja gerade Auf Schalke etwas genauer auf die Performance der &#8222;Roten Teufel&#8220; geschaut. Schlie\u00dflich genie\u00dft &#8222;Willi das Kampfschwein&#8220; noch immer einen exzellenten Ruf in Gelsenkirchen.<br \/>\nUnd gerade rund um die Arena kann man eigentlich nie wissen, ob diese Verbindung in den n\u00e4chsten Jahren nicht mal wieder reaktiviert werden mu\u00df.   <\/p>","protected":false},"excerpt":{"rendered":"<p>So, es ist angerichtet: die Fu\u00dfball-Weltmeisterschaft 2014 in Brasilien hat begonnen. Da auch einige Schalker und ehemalige Schalker dabei sind, gibt es hier nun einen kleinen Ausblick auf ihre Chancen, ein wenig Spielzeit oder vielleicht auch mehr bei diesem Turnier<\/p>\n","protected":false},"author":2,"featured_media":0,"comment_status":"closed","ping_status":"closed","sticky":false,"template":"","format":"standard","meta":{"footnotes":""},"categories":[7],"tags":[12,45,21,13,25],"class_list":["post-22715","post","type-post","status-publish","format-standard","hentry","category-fc-schalke-04","tag-bundesliga","tag-europa-league","tag-fussball","tag-schalke","tag-sport"],"_links":{"self":[{"href":"http:\/\/www.joerglipinski.de\/blog\/wp-json\/wp\/v2\/posts\/22715","targetHints":{"allow":["GET"]}}],"collection":[{"href":"http:\/\/www.joerglipinski.de\/blog\/wp-json\/wp\/v2\/posts"}],"about":[{"href":"http:\/\/www.joerglipinski.de\/blog\/wp-json\/wp\/v2\/types\/post"}],"author":[{"embeddable":true,"href":"http:\/\/www.joerglipinski.de\/blog\/wp-json\/wp\/v2\/users\/2"}],"replies":[{"embeddable":true,"href":"http:\/\/www.joerglipinski.de\/blog\/wp-json\/wp\/v2\/comments?post=22715"}],"version-history":[{"count":41,"href":"http:\/\/www.joerglipinski.de\/blog\/wp-json\/wp\/v2\/posts\/22715\/revisions"}],"predecessor-version":[{"id":4495672,"href":"http:\/\/www.joerglipinski.de\/blog\/wp-json\/wp\/v2\/posts\/22715\/revisions\/4495672"}],"wp:attachment":[{"href":"http:\/\/www.joerglipinski.de\/blog\/wp-json\/wp\/v2\/media?parent=22715"}],"wp:term":[{"taxonomy":"category","embeddable":true,"href":"http:\/\/www.joerglipinski.de\/blog\/wp-json\/wp\/v2\/categories?post=22715"},{"taxonomy":"post_tag","embeddable":true,"href":"http:\/\/www.joerglipinski.de\/blog\/wp-json\/wp\/v2\/tags?post=22715"}],"curies":[{"name":"wp","href":"https:\/\/api.w.org\/{rel}","templated":true}]}}