{"id":18848,"date":"2014-05-06T07:40:45","date_gmt":"2014-05-06T05:40:45","guid":{"rendered":"http:\/\/www.joerglipinski.de\/blog\/?p=18848"},"modified":"2026-03-30T14:47:36","modified_gmt":"2026-03-30T12:47:36","slug":"ueber-freiburg-auf-den-direkten-weg-in-die-champions-league","status":"publish","type":"post","link":"http:\/\/www.joerglipinski.de\/blog\/ueber-freiburg-auf-den-direkten-weg-in-die-champions-league\/","title":{"rendered":"\u00dcber Freiburg auf den direkten Weg in die Champions League"},"content":{"rendered":"<p>Na also, es geht doch noch: Mit dem souver\u00e4nen 2:0-Sieg beim Sportclub Freiburg hat der S04 seine sportliche Mini-Krise (2 Niederlagen hintereinander) erfolgreich \u00fcberwunden.<br \/>\nNun reicht im letzten Saisonspiel zuhause gegen N\u00fcrnberg bereits ein Unentschieden zur direkten Teilnahme an der Champions League.<\/p>\n<p><center><a title=\"SC Freiburg gegen FSV Mainz by Ctruongngoc (Own work) [CC-BY-SA-3.0 (http:\/\/creativecommons.org\/licenses\/by-sa\/3.0)], via Wikimedia Commons\" href=\"http:\/\/commons.wikimedia.org\/wiki\/File%3ASC_Freiburg_vs_FSVMainz_17_ao%C3%BBt_2013_49.jpg\"><img decoding=\"async\" width=\"412\" alt=\"SC Freiburg vs FSVMainz 17 ao\u00fbt 2013 49\" src=\"https:\/\/upload.wikimedia.org\/wikipedia\/commons\/8\/8b\/SC_Freiburg_vs_FSVMainz_17_ao%C3%BBt_2013_49.jpg\"\/><\/a><\/center><\/p>\n<p>Es war zwar keine fu\u00dfballerische H\u00f6chstleistung, die die Mannschaft von Trainer Jens Keller da im Breisgau abgeliefert hat, doch f\u00fcr die bereits vor dem Abstieg geretteten Freiburger reichte es allemal. <\/p>\n<p>Der Sieg h\u00e4tte au\u00dferdem noch etwas h\u00f6her ausfallen k\u00f6nnen, da Torj\u00e4ger Klaas-Jan Huntelaar zweimal nur die Querlatte traf und der eingewechselte Chinedu Obasi kurz vor Schluss eine 150-prozentige Torchance nicht verwerten konnte.<\/p>\n<p><!--more Weiterlesen...--><\/p>\n<p>Der SC Freiburg dagegen h\u00e4tte wohl auch dann keinen regul\u00e4ren Treffer erzielt, wenn das Spiel noch ein paar Stunden l\u00e4nger gedauert h\u00e4tte.<br \/>\nMan merkte es der Truppe von Trainer Christian Streich trotz vorheriger gegenteiliger Beteuerungen doch ziemlich deutlich an, dass f\u00fcr sie die Luft raus und die Saison bereits gelaufen war.<\/p>\n<p>Umso \u00e4rgerlicher ist daher die f\u00fcnfte gelbe Karte f\u00fcr Huntelaar, die der Holl\u00e4nder unn\u00f6tigerweise f\u00fcr seinen Torjubel auf dem Zaun vor den Schalker Fans erhalten hatte.<br \/>\nSo wird er dem S04 im Saisonfinale gegen N\u00fcrnberg nicht zur Verf\u00fcgung stehen, ein Gedanke, der mir nach den letzten Leistungen seines ungarischen Vertreters Adam Szalai so gar nicht behagt.<\/p>\n<p>Allerdings sollte es gegen die &#8222;Clubberer&#8220;, die nach einer sportlich eher unterirdischen Spielzeit sowieso (leider) nur noch ein Wunder vor dem Abstieg in die Zweite Liga retten k\u00f6nnte, auch so reichen. Dann m\u00fcssen eben die Draxlers, Meyers, Goretzkas, Boatengs und Co. mal wieder treffen.  <\/p>\n<p>Ebenso unn\u00f6tig war auch die Gelb-Rote Karte f\u00fcr den Brasilianer Felipe Santana, der damit ebenso wie Huntelaar die Saison unfreiwillig bereits beendete. Es wirkte schon mehr als etwas ungeschickt, wie diese beiden Spieler des S04 daf\u00fcr sorgten, sich selbst als Alternativen f\u00fcr die letzte Begegnung aus dem Rennen zu nehmen.<\/p>\n<p>Gott sei Dank kehrten daf\u00fcr die Langzeitverletzten Marco H\u00f6ger und Jan Kirchhoff auf den Fu\u00dfballplatz zur\u00fcck, sie werden ebenso wie der gesperrte Sead Kolasinac auch gegen N\u00fcrnberg wieder zur Verf\u00fcgung stehen.<br \/>\nIch hoffe auch mal darauf, dass Kaan Ayhan trotz seiner in Freiburg erlittenen Gehirnersch\u00fctterung bis zum Samstag wieder fit sein wird, sonst s\u00e4he es (wieder einmal) etwas mau in der Abwehr aus.  <\/p>\n<p>Was gab es sonst noch?<\/p>\n<p>Ach ja, Au\u00dfenverteidiger Tim Hoogland erhielt keinen neuen Vertrag mehr. Trotz der teilweise brauchbaren Leistungen in der R\u00fcckrunde halte ich diese Entscheidung f\u00fcr richtig, da Hoogland meiner Ansicht nach nicht das Format f\u00fcr die Champions League hat.<\/p>\n<p>Allerdings ist damit auch klar, dass f\u00fcr die kommende Saison eine echte Alternative zu Atsuto Uchida f\u00fcr die rechte Au\u00dfenbahn gefunden werden muss. Der Japaner ist letztlich auch nur ein durchschnittlicher Bundesligaspieler, trotz seiner unbestritten vorhandenen Offensivqualit\u00e4ten. <\/p>\n<p>Ob allerdings der Freiburger <a href=\"http:\/\/www.transfermarkt.com\/de\/oliver-sorg\/leistungsdaten\/spieler_55114.html\" title=\"Oliver Sorg - Leistungsdaten - transfermarkt.com\" target=\"_blank\" rel=\"noopener\">Oliver Sorg<\/a>, an dem die Schalker angeblich interessiert sein sollen, diese Alternative w\u00e4re, wage ich doch etwas zu bezweifeln.<br \/>\nIm Vergleich zu Uchida oder auch Hoogland halte ich Sorg nur bedingt f\u00fcr eine Verst\u00e4rkung, eher f\u00fcr eine Erg\u00e4nzung.<br \/>\nDie letzten Jahre haben allerdings klar gezeigt, dass wir auf dieser Position akuten Handlungsbedarf haben. <\/p>\n<p>Um auf Dauer ganz oben mitspielen zu wollen, reicht es meiner Meinung nach nicht, nur einen (oder zwei) durchschnittliche Rechtsverteidiger zu haben. Diese Baustelle, die nach dem Abgang von Rafinha bisher noch nicht richtig geschlossen werden konnte, sollte daher mit einem Spieler von internationalem Format gef\u00fcllt werden.<\/p>\n<p>Zugegebenerma\u00dfen keine leichte Aufgabe f\u00fcr Manager Horst Heldt, da solche Akteure ja nicht gerade an jeder Stra\u00dfenecke zu haben sind. <\/p>\n<p>Da ist es vielleicht ganz gut, dass Heldt zumindest in Sachen Torh\u00fcter schon einmal erfolgreich war.<br \/>\nP\u00fcnktlich zur Jahreshauptversammlung am 04.05., \u00fcbrigens dem 110. Geburtstag des S04, gab er die Vertragsverl\u00e4ngerung mit Ralf F\u00e4hrmann bis 2019 bekannt.<\/p>\n<p>Eine wichtige und wie ich finde sehr gute Entscheidung, mit der Schalke nicht nur die herausragenden Leistungen des Keepers in der R\u00fcckrunde belohnt, sondern auch ein Zeichen der Kontinuit\u00e4t auf dieser Position setzt, die ja zuletzt nicht immer problemfrei war.<\/p>\n<p>Dazu ist es ebenso ein weiterer Beweis f\u00fcr die hervorragende Jugendarbeit der Schalker, die \u00fcbrigens mit einer Vetragsverl\u00e4ngerung von A-Jugend-Trainer Norbert Elgert belohnt wurde, der gleichzeitig auch in die Ehrenkabine des Vereins aufgenommen wurde. <\/p>\n<p>Zu erw\u00e4hnen bliebe dann vielleicht noch folgender Satz:<br \/>\n<b>&#8222;Wir wollen die Voraussetzungen schaffen f\u00fcr eine neuerliche Deutsche Meisterschaft.&#8220;<\/b><\/p>\n<p>Damit sorgte Horst Heldt f\u00fcr einige Aufregung bei den Mitgliedern des FC Schalke 04, was aufgrund der leidvollen Vereinsgeschichte zu diesem Thema nun eigentlich niemanden verwundern d\u00fcrfte. <\/p>\n<p>Ich sehe das mal als eine launische Ank\u00fcndigung der Transferpolitik f\u00fcr die n\u00e4chsten Jahren, denn bis dahin ist es noch ein ordentliches St\u00fcck des Weges.<\/p>\n<p>Zuallererst muss am Samstag ein Sieg gegen N\u00fcrnberg her, um diese Saison erfolgreich mit der direkten Teilnahme an der Champions League abschlie\u00dfen zu k\u00f6nnen.<br \/>\nAlles andere wird man dann sehen&#8230;<\/p>","protected":false},"excerpt":{"rendered":"<p>Na also, es geht doch noch: Mit dem souver\u00e4nen 2:0-Sieg beim Sportclub Freiburg hat der S04 seine sportliche Mini-Krise (2 Niederlagen hintereinander) erfolgreich \u00fcberwunden. Nun reicht im letzten Saisonspiel zuhause gegen N\u00fcrnberg bereits ein Unentschieden zur direkten Teilnahme an der<\/p>\n","protected":false},"author":2,"featured_media":0,"comment_status":"closed","ping_status":"closed","sticky":false,"template":"","format":"standard","meta":{"footnotes":""},"categories":[7],"tags":[12,35,21,13,25],"class_list":["post-18848","post","type-post","status-publish","format-standard","hentry","category-fc-schalke-04","tag-bundesliga","tag-champions-league","tag-fussball","tag-schalke","tag-sport"],"_links":{"self":[{"href":"http:\/\/www.joerglipinski.de\/blog\/wp-json\/wp\/v2\/posts\/18848","targetHints":{"allow":["GET"]}}],"collection":[{"href":"http:\/\/www.joerglipinski.de\/blog\/wp-json\/wp\/v2\/posts"}],"about":[{"href":"http:\/\/www.joerglipinski.de\/blog\/wp-json\/wp\/v2\/types\/post"}],"author":[{"embeddable":true,"href":"http:\/\/www.joerglipinski.de\/blog\/wp-json\/wp\/v2\/users\/2"}],"replies":[{"embeddable":true,"href":"http:\/\/www.joerglipinski.de\/blog\/wp-json\/wp\/v2\/comments?post=18848"}],"version-history":[{"count":30,"href":"http:\/\/www.joerglipinski.de\/blog\/wp-json\/wp\/v2\/posts\/18848\/revisions"}],"predecessor-version":[{"id":7251137,"href":"http:\/\/www.joerglipinski.de\/blog\/wp-json\/wp\/v2\/posts\/18848\/revisions\/7251137"}],"wp:attachment":[{"href":"http:\/\/www.joerglipinski.de\/blog\/wp-json\/wp\/v2\/media?parent=18848"}],"wp:term":[{"taxonomy":"category","embeddable":true,"href":"http:\/\/www.joerglipinski.de\/blog\/wp-json\/wp\/v2\/categories?post=18848"},{"taxonomy":"post_tag","embeddable":true,"href":"http:\/\/www.joerglipinski.de\/blog\/wp-json\/wp\/v2\/tags?post=18848"}],"curies":[{"name":"wp","href":"https:\/\/api.w.org\/{rel}","templated":true}]}}