{"id":1624696,"date":"2015-08-11T07:34:00","date_gmt":"2015-08-11T05:34:00","guid":{"rendered":"http:\/\/www.joerglipinski.de\/blog\/?p=1624696"},"modified":"2016-10-24T10:08:02","modified_gmt":"2016-10-24T08:08:02","slug":"s04-duisburger-spaziergang","status":"publish","type":"post","link":"http:\/\/www.joerglipinski.de\/blog\/s04-duisburger-spaziergang\/","title":{"rendered":"S04: Duisburger Spaziergang&#8230;"},"content":{"rendered":"<p>Nein, in dieser H\u00f6he h\u00e4tte ich das Endergebnis gegen den MSV Duisburg nun wirklich nicht erwartet. Gut, die Meidericher waren mit zwei klaren Niederlagen in die Zweite Liga gestartet, doch auch angesichts der Dem\u00fctigung im DFB-Pokal-Finale von 2011 (der MSV verlor damals ebenso wie am Wochenende mit 0:5) hatte ich eher damit gerechnet, dass die &#8222;Zebras&#8220; um jeden Grasb\u00fcschel k\u00e4mpfen und sich zerrei\u00dfen w\u00fcrden, es also gerade kein Spaziergang sein w\u00fcrde.<\/p>\n<p><Center><a title=\"Haupttrib\u00fcne der MSV-Arena in Duisburg von ZebraDS (Eigenes Werk) [Public domain], via Wikimedia Commons\" href=\"https:\/\/commons.wikimedia.org\/wiki\/File%3AHaupttrib%C3%BCne_MSV-Arena.jpg\"><img decoding=\"async\" width=\"412\" alt=\"Haupttrib\u00fcne MSV-Arena\" src=\"https:\/\/upload.wikimedia.org\/wikipedia\/commons\/thumb\/e\/ee\/Haupttrib%C3%BCne_MSV-Arena.jpg\/512px-Haupttrib%C3%BCne_MSV-Arena.jpg\"\/><\/a><\/Center><\/p>\n<p>Das F\u00fchrungstor bereits in der 3. Minute durch Torj\u00e4ger Klaas-Jan Huntelaar und die (berechtigte) gelb-rote Karte f\u00fcr Duisburgs Kapit\u00e4n <a href=\"https:\/\/de.wikipedia.org\/wiki\/Branimir_Baji%C4%87\" target=\"_blank\">Branimir Bajic<\/a> nach einer guten halben Stunde machten es den Schalkern nat\u00fcrlich relativ einfach, den Widerstand des Neu-Zweitligisten fr\u00fchzeitig zu brechen.  <\/p>\n<p><!--more Weiterlesen...--><\/p>\n<p>Doch es war nicht nur die \u00fcberschaubare Leistung des Gegners, die daf\u00fcr sorgte, dass die Schalker am Ende so gut da standen. Auch das, was sie selber auf den Platz brachten, lie\u00df aufhorchen und weckte einige Erwartungen f\u00fcr den Bundesligastart in Bremen. <\/p>\n<p>Die Mannschaft konnte von Anfang an das offensive Konzept von Trainer Breitenreiter bestens umsetzen, die Aufstellung mit Neuzugang Johannes Geis und Leon Goretzka als spielstarke Sechser, mit Julian Draxler und Eric-Maxim Choupo-Moting hinter den beiden St\u00fcrmern Franco Di Santo und Kapit\u00e4n Huntelaar war klar auf die Beherrschung des Gegners in dessen H\u00e4lfte ausgerichtet.<\/p>\n<p>Dazu stie\u00dfen die Au\u00dfenverteidiger Dennis Aogo links und Junior Caicara rechts immer wieder weit vor, und das Pressing der Schalker lie\u00df die \u00fcberforderten Duisburger nur selten offensiv zur Entfaltung kommen. Es dauerte nahezu 70 Minuten, bis die Truppe von Trainer <a href=\"https:\/\/de.wikipedia.org\/wiki\/Gino_Lettieri\" target=\"_blank\">Gino Lettieri<\/a> \u00fcberhaupt einmal zu einem vern\u00fcnftigen Abschluss auf das Tor von Ralf F\u00e4hrmann kam.  <\/p>\n<p>Die einseitige Begegnung war dann nat\u00fcrlich sp\u00e4testens mit dem 0:3 durch einen sehenswerten Freisto\u00df von Johannes Geis endg\u00fcltig entschieden, und doch lie\u00dfen die Schalker nicht locker, sondern suchten weiterhin den direkten Weg zu gegnerischen Geh\u00e4use. Weitere Tore durch di Santo und Goretzka waren die Folge, nachdem Matija Nastasic zwischenzeitlich per Kopf getroffen hatte. <\/p>\n<p>Wenn man nun noch ber\u00fccksichtigt, dass di Santo einen Elfmeter vergab und auch sein Sturmpartner noch einige Chancen recht leichtfertig vert\u00e4ndelte, so h\u00e4tte es am Ende auch gar 0:7 oder 0:8 ausgehen k\u00f6nnen, ohne dass sich die Duisburger also sehr dar\u00fcber h\u00e4tten beschweren d\u00fcrfen. <\/p>\n<p>Und genau deshalb ist der relativ leichte Pokalerfolg in Meiderich zwar sehr erfreulich (vor einem Jahr bewies der Drittligist Dynamo Dresden noch eindrucksvoll, dass so etwas nun einmal nicht selbstverst\u00e4ndlich sein muss) und sorgt daher auch daf\u00fcr, dass die \u00fcbliche &#8222;Aufregungskultur&#8220; in und um Gelsenkirchen gar nicht erst entsteht, doch ein echter Pr\u00fcfstein f\u00fcr die kommenden Aufgaben in der Bundesliga und Europa League war er noch nicht.<\/p>\n<p>Er hat einige sehr gute Entwicklungen aufgezeigt, man hat sehen k\u00f6nnen, wie sehr sich Breitenreiters taktisches Konzept doch erheblich von dem seiner Vorg\u00e4nger unterscheidet und dass es von der Mannschaft bereits recht \u00fcberzeugend umgesetzt wurde. Es bleibt allerdings abzuwarten, ob eine solch offensive Ausrichtung auch in der Liga anwendbar ist und ob der Trainer dies auch in dieser Konsequenz spielen lassen wird.<\/p>\n<p>Um also die wirkliche Leistungsst\u00e4rke der Schalker einsch\u00e4tzen zu k\u00f6nnen, wird man wohl noch bis zum Wochenende die F\u00fc\u00dfe ruhig halten m\u00fcssen. Doch ohne jetzt \u00fcberheblich wirken zu wollen, k\u00f6nnten nach der doch eher durchschnittlichen Partie von Werder Bremen beim Drittligisten W\u00fcrzburger Kickers (0:2 n.V.) durchaus drei Punkte f\u00fcr die Blauen an der Weser drin sein.<\/p>\n<p>Warten wir&#8217;s ab&#8230;<\/p>","protected":false},"excerpt":{"rendered":"<p>Nein, in dieser H\u00f6he h\u00e4tte ich das Endergebnis gegen den MSV Duisburg nun wirklich nicht erwartet. Gut, die Meidericher waren mit zwei klaren Niederlagen in die Zweite Liga gestartet, doch auch angesichts der Dem\u00fctigung im DFB-Pokal-Finale von 2011 (der MSV<\/p>\n","protected":false},"author":2,"featured_media":0,"comment_status":"closed","ping_status":"closed","sticky":false,"template":"","format":"standard","meta":{"footnotes":""},"categories":[7],"tags":[12,45,21,13,25],"class_list":["post-1624696","post","type-post","status-publish","format-standard","hentry","category-fc-schalke-04","tag-bundesliga","tag-europa-league","tag-fussball","tag-schalke","tag-sport"],"_links":{"self":[{"href":"http:\/\/www.joerglipinski.de\/blog\/wp-json\/wp\/v2\/posts\/1624696","targetHints":{"allow":["GET"]}}],"collection":[{"href":"http:\/\/www.joerglipinski.de\/blog\/wp-json\/wp\/v2\/posts"}],"about":[{"href":"http:\/\/www.joerglipinski.de\/blog\/wp-json\/wp\/v2\/types\/post"}],"author":[{"embeddable":true,"href":"http:\/\/www.joerglipinski.de\/blog\/wp-json\/wp\/v2\/users\/2"}],"replies":[{"embeddable":true,"href":"http:\/\/www.joerglipinski.de\/blog\/wp-json\/wp\/v2\/comments?post=1624696"}],"version-history":[{"count":15,"href":"http:\/\/www.joerglipinski.de\/blog\/wp-json\/wp\/v2\/posts\/1624696\/revisions"}],"predecessor-version":[{"id":1632078,"href":"http:\/\/www.joerglipinski.de\/blog\/wp-json\/wp\/v2\/posts\/1624696\/revisions\/1632078"}],"wp:attachment":[{"href":"http:\/\/www.joerglipinski.de\/blog\/wp-json\/wp\/v2\/media?parent=1624696"}],"wp:term":[{"taxonomy":"category","embeddable":true,"href":"http:\/\/www.joerglipinski.de\/blog\/wp-json\/wp\/v2\/categories?post=1624696"},{"taxonomy":"post_tag","embeddable":true,"href":"http:\/\/www.joerglipinski.de\/blog\/wp-json\/wp\/v2\/tags?post=1624696"}],"curies":[{"name":"wp","href":"https:\/\/api.w.org\/{rel}","templated":true}]}}