{"id":1545525,"date":"2015-07-31T09:12:34","date_gmt":"2015-07-31T07:12:34","guid":{"rendered":"http:\/\/www.joerglipinski.de\/blog\/?p=1545525"},"modified":"2026-03-11T11:29:05","modified_gmt":"2026-03-11T10:29:05","slug":"back-to-work-ueber-die-saisonvorbereitung-von-schalke-04","status":"publish","type":"post","link":"http:\/\/www.joerglipinski.de\/blog\/back-to-work-ueber-die-saisonvorbereitung-von-schalke-04\/","title":{"rendered":"Back to Work: \u00dcber die Saisonvorbereitung von Schalke 04"},"content":{"rendered":"<p>Der geneigte Leser wird m\u00f6glicherweise in diesem Sommer den sonst \u00fcblichen R\u00fcckblick auf die vergangene Saison der Schalker vermisst haben. Nun, ich muss zugeben, nach dem desastr\u00f6sen Ende dieser Spielzeit fehlte mir einfach die Lust dazu.<\/p>\n<p><Center><a title=\"Schalkes letzter Neuzugang Franco Di Santo noch im Trikot von Wigan Athletic von Dan Farrimond [CC BY 2.0 (http:\/\/creativecommons.org\/licenses\/by\/2.0)], via Wikimedia Commons\" href=\"https:\/\/commons.wikimedia.org\/wiki\/File%3AFranco_Di_Santo_warming_up%2C_Wigan_Athletic_v_Bolton_Wanderers%2C_15_October_2011.jpg\"><img decoding=\"async\" width=\"206\" alt=\"Franco Di Santo warming up, Wigan Athletic v Bolton Wanderers, 15 October 2011\" src=\"https:\/\/upload.wikimedia.org\/wikipedia\/commons\/8\/81\/Franco_Di_Santo_warming_up%2C_Wigan_Athletic_v_Bolton_Wanderers%2C_15_October_2011.jpg\"\/><\/a><\/Center><\/p>\n<p>Der Verzicht auf eine breitere Reflektion der teilweise unterirdischen Leistungen der Schalker Spieler diente vor allem auch dem Frustabbau. Ich hatte schlichtweg keine Motivation mehr, mich noch einmal mit den Auftritten der Boatengs, Neust\u00e4dters, Sams usw. n\u00e4her zu besch\u00e4ftigen. <\/p>\n<p><!--more Weiterlesen...--><\/p>\n<p>Denn diese uns\u00e4glichen Darbietungen \u00fcberstrahlten s\u00e4mtliche positiven Ans\u00e4tze bei weitem, wenn auch die tadellosen Spiele von Keeper Ralf F\u00e4hrmann oder der 4:3-Sieg in der Champions League bei Real Madrid sicherlich nicht vergessen werden sollten.<\/p>\n<p>Doch den Rest dieser Saison wollte ich einfach nicht noch einmal wiederk\u00e4uen und stattdessen so schnell wie m\u00f6glich aus meinem Ged\u00e4chtnis verbannen. Gelingen konnte das allerdings nur langsam und wahrscheinlich auch nicht vollst\u00e4ndig.<\/p>\n<p>Daf\u00fcr ist Schalke eben Schalke, und nicht nur mit der etwas holprigen Trainersuche zeigte sich schon recht schnell, dass die Vergangenheit nicht so einfach abzusch\u00fctteln ist. Doch mit <a href=\"http:\/\/www.joerglipinski.de\/blog\/andr-breitenreiter-horst-heldts-letzte-kugel-im-lauf\/\" target=\"_blank\" rel=\"noopener\">Andre Breitenreiter<\/a> wurde meines Erachtens eine gute L\u00f6sung gefunden, ein solider Arbeiter ohne Starall\u00fcren, der sich im Gegensatz zu seinen Vorg\u00e4ngern Jens Keller und Roberto Di Matteo recht z\u00fcgig ein gewisses Vertrauenspotenzial aufbauen konnte.  <\/p>\n<p><a href=\"https:\/\/de.wikipedia.org\/wiki\/J%C3%BAnior_Cai%C3%A7ara\" target=\"_blank\" rel=\"noopener\">Junior Caicara<\/a>, <a href=\"https:\/\/de.wikipedia.org\/wiki\/Sascha_Riether\" target=\"_blank\" rel=\"noopener\">Sascha Riether<\/a>, <a href=\"https:\/\/de.wikipedia.org\/wiki\/Johannes_Geis\" target=\"_blank\" rel=\"noopener\">Johannes Geis<\/a> und zuletzt <a href=\"https:\/\/de.wikipedia.org\/wiki\/Franco_Di_Santo\" target=\"_blank\" rel=\"noopener\">Franco Di Santo<\/a>: Die Namen der vier Neuzug\u00e4nge wecken zudem einige Hoffnung auf Besserung. Keine Superstars, aber solide Akteure mit teilweise gro\u00dfer Erfahrung und vor allem viel Potential.<\/p>\n<p>Dabei wurden mit Caicara und Riether doch tats\u00e4chlich zwei Spieler geholt, die die Position des rechten Au\u00dfenverteidigers auch wirklich ausf\u00fcllen k\u00f6nnen. Kaum zu glauben, dass nach Jahren des &#8222;Herumdoktorens&#8220; Manager Horst Heldt diesen eklatanten Mangel endlich abgestellt hat. Seit Felix Magath Rafinha vergraulte und den Japaner Atsuto Uchida holte, stellte die rechte Au\u00dfenbahn, vorher eine der gro\u00dfen Schalker St\u00e4rken, immer wieder eine Problemzone dar.<\/p>\n<p>Sicherlich, zu ihren besten Zeiten waren Uchida und der Peruaner Jefferson Farfan ein gef\u00fcrchtetes Duo auf dieser Seite. Doch das konnte nicht dar\u00fcber hinwegt\u00e4uschen, dass dort eine echte Alternative zu dem japanischen Nationalspieler, der \u00fcbrigens verletzungsbedingt wohl die gesamte Hinrunde verpassen wird, nie vorhanden war.<\/p>\n<p>Experimente mit Marco H\u00f6ger, Tranquillo Barnetta und Benedikt H\u00f6wedes kamen nicht \u00fcber den Versuchsstatus hinaus, Atsuto Uchidas schwankende Leistungen und schlie\u00dflich seine Verletzung sorgten zus\u00e4tzlich daf\u00fcr, dass sich diese Position zu einem echten Schwachpunkt in der Schalker Mannschaft entwickelte.<\/p>\n<p>Nun also der hei\u00df ersehnte Neuanfang: der Brasilianer Caicara kommt mit immerhin mit einigen Eins\u00e4tzen in der Champions League f\u00fcr seinen bisherigen Verein Ludogorets Razgrad (Bulgarien) im Gep\u00e4ck, er gilt zudem als offensivfreudiger und technisch versierter Au\u00dfenverteidiger, der sich auch mal bis zur gegnerischen Grundlinie durcharbeiten und verwertbare Flanken schlagen kann. Es wird spannend sein zu beobachten, wie er mit der Umstellung auf das Niveau der Bundesliga zurecht kommen wird.<\/p>\n<p>Keine Probleme dieser Art d\u00fcrfte dagegen der 32-j\u00e4hrige Sascha Riether haben, ganz im Gegenteil kann er auf die Erfahrung von \u00fcber 400 Spielen in Bundesliga, Zweiter Liga und der englischen Premier League sowie eine Deutsche Meisterschaft (2009 mit dem VfL Wolfsburg) zur\u00fcckgreifen. Als Backup oder auch direkte Konkurrenz f\u00fcr Junior Caicara keine ganz schlechte Wahl, obwohl er vom Spielertyp eher die Antithese des Brasilianers darstellt.<\/p>\n<p>Stark im Zweikampf und im Spiel gegen den Ball, fehlt ihm allerdings inzwischen anscheinend die n\u00f6tige Schnelligkeit, um in der Offensive besonders gl\u00e4nzen zu k\u00f6nnen. F\u00fcr ihn spricht allerdings auch seine Flexibilit\u00e4t, neben der rechten Au\u00dfenbahn kann er ebenso im defensiven Mittelfeld eingesetzt werden.<\/p>\n<p>Dort d\u00fcrfte das besondere Augenmerk aber erst einmal auf dem ehemaligen Mainzer Johannes Geis liegen, schlie\u00dflich gilt der geb\u00fcrtige Schweinfurter als eine der gr\u00f6\u00dften Hoffnungen des deutschen Fu\u00dfballs. Der erst 21-j\u00e4hrige eroberte sich in den letzten beiden Jahren bei den Rheinhessen einen Stammplatz und sorgte in 67 Bundesligaspielen als zentrale Schaltstelle vor der Abwehr f\u00fcr Aufsehen. Einen vorl\u00e4ufigen H\u00f6hepunkt seiner noch jungen Karriere stellte die Teilnahme bei der diesj\u00e4hrigen <a href=\"https:\/\/de.wikipedia.org\/wiki\/U-21-Fu%C3%9Fball-Europameisterschaft_2015\" target=\"_blank\" rel=\"noopener\">U21-Europameisterschaft in Tschechien<\/a> dar. Obwohl er nur in zwei Spielen eingewechselt wurde, \u00fcberzeugte er trotzdem mit guten Leistungen.    <\/p>\n<p>Man kann also durchaus zu Recht davon sprechen, dass sich der FC Schalke 04 mit ihm ein echtes Juwel an Land gezogen hat, der vor allem einigen spielerischen Glanz in die bisherige Problemzone des defensiven Mittelfelds bringen k\u00f6nnte. Doch wie auch den anderen jungen Spieler im blau-wei\u00dfen Kader muss man auch ihm vor allem eins zugestehen: Zeit, sich zu entwickeln, damit er schlie\u00dflich die Verhei\u00dfungen \u00fcberhaupt erf\u00fcllen kann.<\/p>\n<p>Und dann noch Franco di Santo: ein sehr beweglicher, aber auch kopfballstarker und torgef\u00e4hrlicher St\u00fcrmer, der seine St\u00e4rken schon ansatzweise im Freundschaftsspiel gegen den FC Porto, seinem ersten Einsatz f\u00fcr die Blauen, andeuten konnte. Mit ihm an der Seite von Klaas-Jan Huntelaar sowie der Alternative Eric-Maxim Choupo-Moting (wenn er denn endlich seine Form aus der Hinrunde der letzten Saison wiederfinden w\u00fcrde) d\u00fcrften die Schalker wesentlich flexibler und schlechter ausrechenbar in der Sturmspitze werden.<\/p>\n<p>Weitere Neuzug\u00e4nge sind eigentlich nicht mehr unbedingt zu erwarten, vor allem da die Causa Julian Draxler nach der Schalker Absage an ein Angebot von Juventus Turin im Prinzip als erledigt betrachtet werden kann. Sollten die Italiener allerdings noch einmal nachbessern oder ein anderer Verein noch seinen Hut in den Ring werfen wollen (Wolfsburg?), so k\u00f6nnte der Name <a href=\"https:\/\/de.wikipedia.org\/wiki\/Xherdan_Shaqiri\" target=\"_blank\" rel=\"noopener\">Xherdan Shaqiri<\/a> demn\u00e4chst wieder am Schalker Markt genannt werden.<\/p>\n<p>Der Schweizer Nationalspieler, der beim FC Bayern M\u00fcnchen 50 Bundesliga-Begegnungen absolviert hat, ohne sich allerdings wirklich durchsetzen zu k\u00f6nnen, hat sich mit seinem derzeitigen Club Inter Mailand <a href=\"http:\/\/www.tagesanzeiger.ch\/sport\/fussball\/Shaqiri-in-der-Falle\/story\/30740638\" target=\"_blank\" rel=\"noopener\">offenbar \u00fcberworfen<\/a> und w\u00e4re so einem Wechsel nach Gelsenkirchen wohl nicht abgeneigt. Ohne einen Transfer von Draxler d\u00fcrfte sich aber diese Option zerschlagen.<\/p>\n<p>Wie auch immer sich Julian Draxler und der Verein entscheiden werden und ob Shaqiri (oder ein anderer Spieler?) ihn ersetzen wird oder nicht, im Prinzip steht der Schalker Kader f\u00fcr die neue Saison. Deshalb ist es nun an der Zeit, um neben den Personalien auch einmal \u00fcber Fu\u00dfball zu reden.<\/p>\n<p>Fest steht f\u00fcr mich dabei, dass sich der neue Trainer Andre Breitenreiter offenbar alle M\u00fche geben will, die zuletzt \u00e4u\u00dferst schwachen Auftritte der kurzen Di Matteo-\u00c4ra m\u00f6glichst schnell in Vergessenheit zu bringen. Die bisherigen Testspiele lassen da schon in etwa erahnen, in welche Richtung es zuk\u00fcnftig gehen soll. Mit jeder Begegnung wurde die taktische Ausrichtung besser erkennbar, und auch die praktische Ausf\u00fchrung durch die Mannschaft steigerte sich entsprechend.<\/p>\n<p>Offensiver, kompakter, mit hohem Pressing und schnellem Umschalten &#8211; mit diesen Schlagworten l\u00e4sst sich die die Taktik von Breitenreiter wom\u00f6glich am besten beschreiben. Anders als unter Di Matteo soll wieder schneller der Torabschluss gesucht werden, insgesamt r\u00fcckt das gesamte Team in der Offensive weiter nach vorn, was bei Ballbesitz des Gegners auch ein fr\u00fcheres Attackieren erm\u00f6glicht. <\/p>\n<p>Wenn sich nicht noch etwas gro\u00dfartig \u00e4ndert (Verletzungen, Transfers), d\u00fcrfte die Anfangsaufstellung <a href=\"http:\/\/www.kicker.de\/news\/fussball\/bundesliga\/startseite\/631769\/artikel_gutes-debuet-von-di-santo-gegen-porto.html\" target=\"_blank\" rel=\"noopener\">gegen den FC Porto<\/a> (F\u00e4hrmann &#8211; Riether, Matip, Nastasic, Kolasinac &#8211; Neust\u00e4dter, Geis, Goretzka, Draxler &#8211; Huntelaar, di Santo) einen ganz guten Hinweis darauf geben, wie die Blauen diese Saison angehen wollen. Mit u. a. Caicara, Max Meyer, Marco H\u00f6ger, Benedikt H\u00f6wedes, Kaan Ayhan, Choupo-Moting, Leroy Sane und und und stehen noch gen\u00fcgend Alternativen zur Verf\u00fcgung, sodass ich eigentlich vorsichtig optimistisch bin.<\/p>\n<p>Wichtig erscheint mir aber vor allem, dass sich die Spieler wieder zusammenraufen und tats\u00e4chlich eine &#8222;Mannschaft&#8220; bilden und an einem Strang zeihen wollen. Das war zuletzt gerade nicht der Fall, Gruppenbildung und Eifers\u00fcchteleien hatten da offenbar einem verheerenden Spaltpilz den Weg bereitet, der die notwendige Einigkeit innerhalb des Teams zerst\u00f6rte. Ob das nun allein an der Personalie Kevin-Prince Boateng gelegen hat, vermag ich von au\u00dfen allerdings nicht zu beurteilen.  <\/p>\n<p>Doch da das Tischtuch zwischen dem Verein und dem extrovertierten &#8222;Prinzen&#8220; wohl endg\u00fcltig zerschnitten ist, w\u00e4re es dringend notwendig, ihn zur Vermeidung weiterer Unruhe noch bis Ende August transferieren zu k\u00f6nnen. Etwas anders sehe ich die Geschichte um Sidney Sam. Offenbar war der ehemalige Leverkusener bei dieser ganzen uns\u00e4glichen Angelegenheit wie einige andere auch nur ein Mitl\u00e4ufer, seine pers\u00f6nliche Situation mit sehr vielen verletzungsbedingten Ausf\u00e4llen d\u00fcrften seinen Frust im ersten Schalke-Jahr zus\u00e4tzlich noch gesteigert haben. <\/p>\n<p>Ich halte es daher durchaus f\u00fcr vertretbar, ihm eine zweite Chance zu gew\u00e4hren. Sollte er dabei wieder zu seiner Form aus der Hinrunde des Vorjahres finden, w\u00e4re er zudem noch eine willkommene Verst\u00e4rkung. Manchmal dauert es eben etwas l\u00e4nger, bis sich ein Vereinswechsel wirklich auszahlt.<\/p>\n<p>Apropos auszahlen: mit ein wenig Wehmut betrachte ich den Abgang von <a href=\"https:\/\/de.wikipedia.org\/wiki\/Jefferson_Farf%C3%A1n\" target=\"_blank\" rel=\"noopener\">Jefferson Farfan<\/a>. Gut, es ist durchaus verst\u00e4ndlich, dass ein Spieler nach sieben Jahren in Gelsenkirchen noch etwas anderes von der Welt sehen will und in Abu Dhabi das gro\u00dfe Geld zum Ausklang der Karriere winkt. Und ja, mir ist auch klar, dass es \u00e4u\u00dferst zweifelhaft gewesen w\u00e4re, ob der Peruaner nach dieser langen Pause noch einmal zu seinem fr\u00fcheren K\u00f6nnen zur\u00fcckgefunden h\u00e4tte.<\/p>\n<p>Und trotzdem, entgegen vieler oftmals unberechtigter Kritiken in den Medien, die ihn als raffgierigen S\u00f6ldner verunglimpften, hat &#8222;Jeff&#8220; dem Verein \u00fcber lange Jahre die Treue gehalten und mit wenigen Ausnahmen immer zuverl\u00e4ssig seine Leistung gebracht. F\u00fcr mich ist er in dieser Zeit ein echtes &#8222;St\u00fcck Schalke&#8220; geworden, und ich werde ihn als Pers\u00f6nlichkeit und seine Spielweise wohl wirklich vermissen (seine Trikotnummer 17 zierte zudem die ersten Schalke-Trikots meiner S\u00f6hne).<\/p>\n<p>Mach&#8217;s gut Jeff&#8230;   <\/p>","protected":false},"excerpt":{"rendered":"<p>Der geneigte Leser wird m\u00f6glicherweise in diesem Sommer den sonst \u00fcblichen R\u00fcckblick auf die vergangene Saison der Schalker vermisst haben. Nun, ich muss zugeben, nach dem desastr\u00f6sen Ende dieser Spielzeit fehlte mir einfach die Lust dazu. Der Verzicht auf eine<\/p>\n","protected":false},"author":2,"featured_media":0,"comment_status":"closed","ping_status":"closed","sticky":false,"template":"","format":"standard","meta":{"footnotes":""},"categories":[7],"tags":[12,35,45,21,13,25],"class_list":["post-1545525","post","type-post","status-publish","format-standard","hentry","category-fc-schalke-04","tag-bundesliga","tag-champions-league","tag-europa-league","tag-fussball","tag-schalke","tag-sport"],"_links":{"self":[{"href":"http:\/\/www.joerglipinski.de\/blog\/wp-json\/wp\/v2\/posts\/1545525","targetHints":{"allow":["GET"]}}],"collection":[{"href":"http:\/\/www.joerglipinski.de\/blog\/wp-json\/wp\/v2\/posts"}],"about":[{"href":"http:\/\/www.joerglipinski.de\/blog\/wp-json\/wp\/v2\/types\/post"}],"author":[{"embeddable":true,"href":"http:\/\/www.joerglipinski.de\/blog\/wp-json\/wp\/v2\/users\/2"}],"replies":[{"embeddable":true,"href":"http:\/\/www.joerglipinski.de\/blog\/wp-json\/wp\/v2\/comments?post=1545525"}],"version-history":[{"count":31,"href":"http:\/\/www.joerglipinski.de\/blog\/wp-json\/wp\/v2\/posts\/1545525\/revisions"}],"predecessor-version":[{"id":17089992,"href":"http:\/\/www.joerglipinski.de\/blog\/wp-json\/wp\/v2\/posts\/1545525\/revisions\/17089992"}],"wp:attachment":[{"href":"http:\/\/www.joerglipinski.de\/blog\/wp-json\/wp\/v2\/media?parent=1545525"}],"wp:term":[{"taxonomy":"category","embeddable":true,"href":"http:\/\/www.joerglipinski.de\/blog\/wp-json\/wp\/v2\/categories?post=1545525"},{"taxonomy":"post_tag","embeddable":true,"href":"http:\/\/www.joerglipinski.de\/blog\/wp-json\/wp\/v2\/tags?post=1545525"}],"curies":[{"name":"wp","href":"https:\/\/api.w.org\/{rel}","templated":true}]}}