{"id":15161,"date":"2014-02-13T07:17:07","date_gmt":"2014-02-13T06:17:07","guid":{"rendered":"http:\/\/www.joerglipinski.de\/blog\/?p=15161"},"modified":"2026-03-30T15:11:58","modified_gmt":"2026-03-30T13:11:58","slug":"dfb-pokal-achtelfinale-war-da-was","status":"publish","type":"post","link":"http:\/\/www.joerglipinski.de\/blog\/dfb-pokal-achtelfinale-war-da-was\/","title":{"rendered":"DFB-Pokal Achtelfinale? War da was?"},"content":{"rendered":"<p><b>03.12.2013: DFB-Pokal Achtelfinale Schalke 04 &#8211; 1899 Hoffenheim Endstand 1:3<\/b><\/p>\n<p><center><a title=\"Dietmar Rabich\u00a0\/ Wikimedia Commons\u00a0\/ \u201eBerlin, Olympiastadion -- 2019 -- 6339\u201c\u00a0\/ CC\u00a0BY-SA\u00a04.0\" href=\"https:\/\/commons.wikimedia.org\/wiki\/File:Berlin,_Olympiastadion_--_2019_--_6339.jpg\"><img decoding=\"async\" width=\"412\" alt=\"Berlin, Olympiastadion -- 2019 -- 6339\" src=\"https:\/\/upload.wikimedia.org\/wikipedia\/commons\/d\/db\/Berlin%2C_Olympiastadion_--_2019_--_6339.jpg\"><\/a><br \/>\n<em>Olympiastadion in Berlin<\/em><\/center><\/p>\n<p>Die Krise beim S04 erreicht ihren vorl\u00e4ufigen H\u00f6hepunkt. Eine erschreckend schwache Schalker Mannschaft scheidet nach einer indiskutablen ersten Halbzeit v\u00f6llig verdient aus dem DFB-Pokal aus.<\/p>\n<p>Die Zweifel an Trainer Jens Keller verdichten sich immer mehr. Vor der Winterpause wird eine Entlassung des \u00dcbungsleiters vom Vorstand nicht mehr generell ausgeschlossen.<\/p>\n<p>Bis heute h\u00e4lt sich hartn\u00e4ckig das Ger\u00fccht, dass nur eine Absage von Thomas Schaaf damals die Entlassung Kellers verhindert hat.<\/p>\n<p><b>09.02.2014: Bundesliga-R\u00fcckrunde Schalke 04 &#8211; Hannover 96 Endstand 2:0<\/b><\/p>\n<p>Zwei Monate sp\u00e4ter ist nichts mehr wiederzuerkennen in der Veltins-Arena. 61.000 Fans feiern ein Schalker Team, das in der ersten H\u00e4lfte eine der besten Leistungen seit langem abgeliefert hat und Hannover 96 in keiner Sekunde zur Enfaltung kommen lie\u00df. <\/p>\n<p><!--more Weiterlesen...--><\/p>\n<p>Mit einer l\u00e4uferisch und taktisch ungemein disziplinierten Einstellung zeigten die Blauen der Mannschaft von Neu-Trainer Tayfun Korkut 45 Minuten lang klar die Grenzen auf. <\/p>\n<p>Enormes Pressing bereits am gegnerischen Strafraum und schnelles Anlaufen des ballf\u00fchrenden Gegenspielers gleich von mehreren Akteuren lie\u00dfen Hannover keinerlei M\u00f6glichkeiten, das gef\u00e4hrliche Konterspiel aufzuziehen, dank dem man mit zwei Siegen sehr erfolgreich in die R\u00fcckrunde gestartet war. <\/p>\n<p>Stattdessen erk\u00e4mpften sich die Schalker so eine eindeutige Feld\u00fcberlegenheit, die sie immer wieder zu schnellen Vorst\u00f6\u00dfen \u00fcber die Fl\u00fcgel nutzten. Mit den \u00fcberragend spielenden Au\u00dfen-Duos Farfan-Uchida rechts und Obasi-Kolasinac links hebelten sie pausenlos die beiden tief stehenden Vierer-Ketten der 96er aus. <\/p>\n<p>Einziges Manko in der Anfangsphase blieb die Chancenauswertung. Doch nach einer halben Stunde war das Bollwerk der Niedersachsen m\u00fcrbe gespielt und Jefferson Farfan und Max Meyer sorgten nach sehenswerten Kombinationen f\u00fcr die mehr als verdiente 2:0-F\u00fchrung.<\/p>\n<p>So mancher G\u00e4ste-Akteur hatte zur Halbzeit M\u00fche, in die Kabine zu finden, so schwindelig musste ihnen nach diesem \u00fcberzeugenden Schalker Auftritt zumute gewesen sein.<\/p>\n<p>Nach dem Pausentee lie\u00dfen es die Schalker etwas ruhiger angehen, doch der verdiente Erfolg geriet durch die harmlosen G\u00e4ste nicht mehr ernsthaft in Gefahr.<\/p>\n<p>Lediglich das ein oder andere Tor h\u00e4tten die Blauen eigentlich noch erzielen m\u00fcssen, ein 3:0 oder auch 4:0 w\u00e4re aufgrund der \u00dcberlegenheit der Keller-Truppe nicht unverdient gewesen.<\/p>\n<p><b>Was ist passiert Auf Schalke?<\/b><br \/>\nNun, da in dieser Woche das DFB-Pokal-Viertelfinale ohne Schalker Beteiligung ansteht, stellt sich nat\u00fcrlich die Frage:<\/p>\n<p>Was ist da geschehen in der Winterpause? Wie haben Jens Keller und seiner Trainer-Team es geschafft, aus einer zaudernden, unsicheren, von zahlreichen Verletzungen gebeutelten Mannschaft ein solches Siegerteam zu machen? <\/p>\n<p>Ob es nun tats\u00e4chlich nur daran liegt, dass die Truppe enger zusammenger\u00fcckt ist und im Trainingslager hart gearbeitet hat, wie es in den Medien kolportiert wird? <\/p>\n<p>Da ja das Trainer-Gespann immer noch dasselbe ist, m\u00fcssen die Gr\u00fcnde wohl woanders zu suchen sein. Ob da ein wenig mehr Teamgeist und harte Arbeit schon eine ausreichende Erkl\u00e4rung darstellen?<\/p>\n<p>Interessant k\u00f6nnten in diesem Zusammenhang auch die Ver\u00e4nderungen in der Aufstellung sein, denn es hat sich mit der Winterpause doch ein wenig in dieser Hinsicht getan.<\/p>\n<p>Die gro\u00dfen Verlierer sind zweifelsohne Timo Hildebrand, Jermaine Jones und Christian Fuchs. Aber auch Adam Szalai und m\u00f6glicherweise sogar Benedikt H\u00f6wedes (wenn auch verletzungsbedingt) haben erst einmal ihre Stammpl\u00e4tze verloren. <\/p>\n<p>Mit Ralf F\u00e4hrmann als neuem Stamm-Torh\u00fcter sind alle Diskussionen um diese Position wirkungsvoll ausgetreten worden. War die Verunsicherung mit Hildebrand in der Kiste zweitweilig f\u00f6rmlich mit H\u00e4nden greifbar, so scheint F\u00e4hrmann mit seiner souver\u00e4nen und sicheren Spielweise der Abwehr nun tats\u00e4chlich mehr Stabilit\u00e4t verleihen zu k\u00f6nnen.<\/p>\n<p>Der meiner Ansicht nach effektivste Wechsel ist aber der im defensiven Mittelfeld. Jermaine Jones erwies sich nicht nur aufgrund seiner Spielweise als Unsicherheitsfaktor, sondern schien auch innerhalb des Mannschaftsgef\u00fcges zuletzt vor allem Unruhe zu verbreiten. Seinen vollmundigen Aussagen vor dem Saisonauftakt folgten eher m\u00e4\u00dfige Leistungen, die zwischenzeitliche Suspendierung nach dem Hoffenheim-Spiel brachte erste Wechselger\u00fcchte auf.<\/p>\n<p>Zudem offenbarte er auch noch Probleme im Umgang mit jungen Spielern wie z. B. Leon Goretzka. Anstatt diesen als erfahrener Akteur zur Seite zu stehen und eine m\u00f6glichst reibungslose Integration in den Bundesliga-Kader zu f\u00f6rdern, fachte er wohl des \u00f6fteren unn\u00f6tigerweise Konkurrenzk\u00e4mpfe an.<\/p>\n<p>Nichts gegen Jones&#8216; Leistungen in der Vergangenheit. Doch so wie es aussieht, ist seine Zeit beim FC Schalke nun wohl zurecht abgelaufen.<\/p>\n<p>Kevin-Prince Boateng stellt dagegen auf dieser Position die momentan idealste L\u00f6sung dar. Zum einen ist jetzt das Problem, f\u00fcr den Ghanaer aufgrund der reichlich vorhandenen offensiven Qualit\u00e4t \u00fcberhaupt einen Platz zu finden, anscheinend gel\u00f6st. Zum anderen zeigte Boateng in den letzten Spielen klar an, dass er als 6er sowohl in der Defensive als auch nach vorne der Mannschaft am besten weiterhelfen kann.   <\/p>\n<p>Ein nicht zu untersch\u00e4tzender Faktor ist wohl auch die Pr\u00e4senz von Klaas-Jan Huntelaar auf dem Platz. Der holl\u00e4ndische Torj\u00e4ger war sofort in seinem ersten Spiel gegen den HSV erfolgreich und wurde eindeutig besser als zuletzt Adam Szalai in die Offensivaktionen eingebunden. Zudem scheint er ein bedeutenderes Standing innerhalb der Mannschaft zu haben als der Ungar. Nicht umsonst trug er trotz langer Pause die Kapit\u00e4nsbinde als erster Vertreter von Benedikt H\u00f6wedes. <\/p>\n<p>Auf der linken Seite haben sich nun Sead Kolasinac und etwas \u00fcberraschend Chinedu Obasi mit guten Leistungen festgespielt. Damit ist hier der Zug f\u00fcr den momentan auch noch verletzten Christian Fuchs wohl erst einmal abgefahren. Der \u00f6sterreichische Nationalmannschaftskapit\u00e4n konnte zuletzt allerdings seine Anspr\u00fcche auf einen Stammplatz nicht mit entsprechenden Vorstellungen unterstreichen. <\/p>\n<p>Sollte demn\u00e4chst auch Julian Draxler wieder fit sein, so d\u00fcrfte sich Fuchs wohl f\u00fcr l\u00e4ngere Zeit auf der Ersatzbank wiederfinden. Damit r\u00fcckt aber auch ein m\u00f6glicher Vereinswechsel des \u00d6sterreichers zum Saisonende weiter ins Blickfeld.<\/p>\n<p>Nicht uninteressant ist momentan auch die Entwicklung in der Innenverteidigung. Durch die Verletzung von H\u00f6wedes schien das Duo Joel Matip und Felipe Santana eigentlich eher aus der Not geboren zu sein. Doch schon der Einsatz des Kapit\u00e4ns als rechter Au\u00dfenverteidiger f\u00fcr den gelb-gesperrten Atsuto Uchida offenbarte ein kleines Problem: Wohin mit H\u00f6wedes, wenn Matip und Santana so weiter spielen? <\/p>\n<p>Durch seinen erneuten Ausfall hat zwar Benedikt H\u00f6wedes eine Entscheidung in dieser Sache vorerst vertagt, doch m\u00f6glicherweise k\u00f6nnte sich da tats\u00e4chlich ein Konflikt anbahnen. Auch der lange verletzte Kyriakos Papadopoulos dr\u00e4ngt auf Dauer wieder zu\u00fcck in die Mannschaft.  <\/p>\n<p>Kurzfristig sehe ich hier aber die geringsten Probleme, zumal Matip und Santana in der Vergangenheit oft auch zu den Wackelkandidaten geh\u00f6rten, die nicht immer mit konstanten Leistungen \u00fcberzeugen konnten.  <\/p>\n<p><b>Abwarten und Tee trinken (und freuen)&#8230;<\/b><\/p>\n<p>Es ist schon erstaunlich, wie sich die Mannschaft in den ersten Spielen der R\u00fcckrunde pr\u00e4sentiert hat. Zu w\u00fcnschen w\u00e4re ihr (und allen Schalker Fans) nat\u00fcrlich, dass sie diese Leistungen weiterhin so zeigen kann. Doch die schwierigen Spiele werden nicht weniger.<\/p>\n<p>Kurzfristig folgt nun ein echtes Spitzenspiel in Leverkusen, langfristig stehen die Begegnung in M\u00fcnchen und nat\u00fcrlich das Derby beim BVB an.  <\/p>\n<p>Da aber die Unruhe rund um Trainer und einzelne Spieler f\u00fcrs Erste beseitigt ist, kann man die kommenden Aufgaben endlich mal wieder mit einer gewissen beruhigten Spannung angehen. Die Mannschaft hat bewiesen, dass sie in der Lage ist, solche Herausforderungen zu bew\u00e4ltigen. <\/p>\n<p>Hoffen wir, dass dieser Zustand m\u00f6glichst lange anh\u00e4lt.    <\/p>","protected":false},"excerpt":{"rendered":"<p>03.12.2013: DFB-Pokal Achtelfinale Schalke 04 &#8211; 1899 Hoffenheim Endstand 1:3 Olympiastadion in Berlin Die Krise beim S04 erreicht ihren vorl\u00e4ufigen H\u00f6hepunkt. Eine erschreckend schwache Schalker Mannschaft scheidet nach einer indiskutablen ersten Halbzeit v\u00f6llig verdient aus dem DFB-Pokal aus. Die Zweifel<\/p>\n","protected":false},"author":2,"featured_media":0,"comment_status":"closed","ping_status":"closed","sticky":false,"template":"","format":"standard","meta":{"footnotes":""},"categories":[7],"tags":[12,21,13,25],"class_list":["post-15161","post","type-post","status-publish","format-standard","hentry","category-fc-schalke-04","tag-bundesliga","tag-fussball","tag-schalke","tag-sport"],"_links":{"self":[{"href":"http:\/\/www.joerglipinski.de\/blog\/wp-json\/wp\/v2\/posts\/15161","targetHints":{"allow":["GET"]}}],"collection":[{"href":"http:\/\/www.joerglipinski.de\/blog\/wp-json\/wp\/v2\/posts"}],"about":[{"href":"http:\/\/www.joerglipinski.de\/blog\/wp-json\/wp\/v2\/types\/post"}],"author":[{"embeddable":true,"href":"http:\/\/www.joerglipinski.de\/blog\/wp-json\/wp\/v2\/users\/2"}],"replies":[{"embeddable":true,"href":"http:\/\/www.joerglipinski.de\/blog\/wp-json\/wp\/v2\/comments?post=15161"}],"version-history":[{"count":32,"href":"http:\/\/www.joerglipinski.de\/blog\/wp-json\/wp\/v2\/posts\/15161\/revisions"}],"predecessor-version":[{"id":17229572,"href":"http:\/\/www.joerglipinski.de\/blog\/wp-json\/wp\/v2\/posts\/15161\/revisions\/17229572"}],"wp:attachment":[{"href":"http:\/\/www.joerglipinski.de\/blog\/wp-json\/wp\/v2\/media?parent=15161"}],"wp:term":[{"taxonomy":"category","embeddable":true,"href":"http:\/\/www.joerglipinski.de\/blog\/wp-json\/wp\/v2\/categories?post=15161"},{"taxonomy":"post_tag","embeddable":true,"href":"http:\/\/www.joerglipinski.de\/blog\/wp-json\/wp\/v2\/tags?post=15161"}],"curies":[{"name":"wp","href":"https:\/\/api.w.org\/{rel}","templated":true}]}}