{"id":12635,"date":"2013-12-17T09:57:59","date_gmt":"2013-12-17T08:57:59","guid":{"rendered":"http:\/\/www.joerglipinski.de\/blog\/?p=12635"},"modified":"2026-04-14T07:51:04","modified_gmt":"2026-04-14T05:51:04","slug":"jens-keller-soll-auch-in-der-rueckrunde-trainer-auf-schalke-bleiben","status":"publish","type":"post","link":"http:\/\/www.joerglipinski.de\/blog\/jens-keller-soll-auch-in-der-rueckrunde-trainer-auf-schalke-bleiben\/","title":{"rendered":"Jens Keller soll auch in der R\u00fcckrunde Trainer auf Schalke bleiben"},"content":{"rendered":"<p>Am Montag Abend entschied der Vorstand des FC Schalke 04, mit Trainer <a href=\"http:\/\/de.wikipedia.org\/wiki\/Jens_Keller\" title=\"Jens Keller \u2013 Wikipedia\" target=\"_blank\" rel=\"noopener\">Jens Keller<\/a>  bis auf weiteres auch in die R\u00fcckrunde der Fu\u00dfball-Bundesliga zu gehen. Damit scheint ein Trainerwechsel noch vor oder in der Winterpause erst einmal ad acta gelegt worden zu sein. Und das, obwohl rund um die Veltins-Arena der Name <a href=\"http:\/\/de.wikipedia.org\/wiki\/Thomas_Schaaf\" title=\"Thomas Schaaf \u2013 Wikipedia\" target=\"_blank\" rel=\"noopener\">Thomas Schaaf<\/a> angeblich schon von allen D\u00e4chern gepfiffen wurde.<\/p>\n<p><center><a title=\"Jens Keller 2013 by DerHans04 (Own work) [GFDL (http:\/\/www.gnu.org\/copyleft\/fdl.html) or CC-BY-SA-3.0 (http:\/\/creativecommons.org\/licenses\/by-sa\/3.0)], via Wikimedia Commons\" href=\"http:\/\/commons.wikimedia.org\/wiki\/File%3AJens_Keller_2013-06-29.jpg\"><img decoding=\"async\" width=\"200\" alt=\"Jens Keller 2013-06-29 by DerHans04 (Own work) [GFDL (http:\/\/www.gnu.org\/copyleft\/fdl.html) or CC-BY-SA-3.0 (http:\/\/creativecommons.org\/licenses\/by-sa\/3.0)], via Wikimedia Commons\" src=\"https:\/\/upload.wikimedia.org\/wikipedia\/commons\/3\/3e\/Jens_Keller_2013-06-29.jpg\"\/><\/a><\/center><\/p>\n<p>Eine \u00dcberraschung war diese Entscheidung schon, da verschiedene Medien wie die Ruhr-Nachrichten oder <a href=\"http:\/\/www.abendblatt.de\/sport\/article122976079\/Thomas-Schaaf-soll-ab-Januar-Schalke-Trainer-werden.html\" title=\"Ex-Werder-Coach -  Thomas Schaaf soll ab Januar Schalke-Trainer werden - Sport - Hamburger Abendblatt\" target=\"_blank\" rel=\"noopener\">das Hamburger Abendblatt<\/a> und selbst <a href=\"http:\/\/www.kicker.de\/news\/fussball\/bundesliga\/startseite\/596636\/artikel_schaaf_stellt-schalke-heute-die-weichen.html\" title=\"Schaaf: Stellt Schalke heute die Weichen? - Bundesliga - kicker online\" target=\"_blank\" rel=\"noopener\">der Kicker<\/a> eigentlich schon fast in Sachen Verpflichtung von Schaaf Vollzug gemeldet hatten.<\/p>\n<p>Nun ja, offensichtlich ist nun alles wieder anders.<br \/>\nDie Frage ist aber eigentlich die, inwieweit diese Entscheidung dem FC Schalke tats\u00e4chlich weiterhilft, oder ob der Vorstand damit ein eigentlich notwendiges, aber im Moment anscheinend unbequemes endg\u00fcltiges Machtwort nur in die Zukunft verschoben hat.<\/p>\n<p><!--more Weiterlesen...--><\/p>\n<p>Es kann nat\u00fcrlich auch sein, dass mangels einer vern\u00fcnftigen Alternative ohnehin keine andere Wahl blieb.<\/p>\n<p>Die vermutete Entscheidung, zur n\u00e4chsten Spielzeit dann einen Neuanfang mit Thomas Schaaf zu starten, scheint im ersten Moment recht vern\u00fcnftig zu sein.<br \/>\nSo w\u00e4re mit ihm eine solide geplante Saisonvorbereitung m\u00f6glich und man m\u00fc\u00dfte ihn nicht schon jetzt ins kalte Wasser werfen.<br \/>\nH\u00f6rt sich soweit ganz gut an, bleibt allerdings abzuwarten, ob es auch tats\u00e4chlich so kommen wird.<\/p>\n<p>Was aber passiert in der Zwischenzeit mit Jens Keller?<br \/>\nWas hat die Verantwortlichen auf Schalke davon \u00fcberzeugt, dass er in der R\u00fcckrunde die Mannschaft zur\u00fcck auf die Erfolgsspur und nach M\u00f6glichkeit auch bis in die Champions-League-Qualifikation bringen k\u00f6nnte?<\/p>\n<p>Seien wir ehrlich, der Hauptkritikpunkt an Keller ist doch immer wieder der Vorwurf, die Truppe h\u00e4tte sich unter seiner Leitung in einem Jahr nicht weiter entwickelt.<\/p>\n<p>Es g\u00e4be kein Spielsystem, das Umschaltspiel nach vorn funktioniere nicht, die Spieler h\u00e4tten zudem wenig Selbstvertrauen, weshalb die Leistungen der Mannschaft auch so schwankend w\u00e4ren.<br \/>\nNicht zu vergessen, dass Keller h\u00e4ufig auf Ver\u00e4nderungen w\u00e4hrend des Spiels nicht oder falsch reagiert habe, dass er Kevin-Prince Boateng oft auf der unpassenden Position des St\u00fcrmers eingesetzt habe und so weiter und so fort.<\/p>\n<p>Was aber veranlasst Clemens T\u00f6nnies, Horst Heldt und den Rest des Vorstandes zu der Annahme, all dies werde sich nach der Winterpause wie durch ein Wunder von selbst aufl\u00f6sen?<\/p>\n<p>Die Leistungen aus dem Spiel gegen den SC Freiburg k\u00f6nnen es eigentlich nicht sein.<br \/>\nDenn sie haben im Prinzip die obigen Kritikpunkte wieder einmal best\u00e4tigt.<br \/>\nWenn die Schalker nicht durch ihre individuelle St\u00e4rke zum Erfolg kommen, dann sind sie auf Fehler des Gegners oder auch mal die Hilfe des Schiedsrichters angewiesen.<\/p>\n<p>Eine Handschrift von Jens Keller, die Idee eines Systems, nach dem die Spieler agieren sollen, war auch da (nicht wirklich \u00fcberraschend) nicht zu erkennen.<\/p>\n<p>Es braucht nicht viel Fantasie, sich vorzustellen, dass bei ausbleibenden Erfolgen zum Start in die R\u00fcckrunde die Diskussionen um den Trainer weitergehen, ja sich sogar noch verst\u00e4rken werden.<\/p>\n<p>Selbst wenn man guten Willens w\u00e4re, kann man kaum davon ausgehen, dass Keller noch allzuviel Zeit gew\u00e4hrt w\u00fcrde, um dann auf m\u00f6gliche Fehlentwicklungen reagieren zu k\u00f6nnen.<br \/>\nTrotz der Verletztenmisere wird es von den Medien und vielen Fans wohl keine Schonfrist mehr geben.<\/p>\n<p>Doch Jens Keller hat auch in der Vergangenheit nicht wirklich den Eindruck vermitteln k\u00f6nnen, dass er verstanden habe, um was es eigentlich geht.<br \/>\nEchte Einsicht sieht anders aus, als nur \u00fcber den st\u00e4ndig herrschenden Druck auf Schalke zu klagen.<\/p>\n<p>Damit bleibt er aber dann letzlich ein Trainer auf Abruf.<\/p>","protected":false},"excerpt":{"rendered":"<p>Am Montag Abend entschied der Vorstand des FC Schalke 04, mit Trainer Jens Keller bis auf weiteres auch in die R\u00fcckrunde der Fu\u00dfball-Bundesliga zu gehen. Damit scheint ein Trainerwechsel noch vor oder in der Winterpause erst einmal ad acta gelegt<\/p>\n","protected":false},"author":2,"featured_media":0,"comment_status":"closed","ping_status":"closed","sticky":false,"template":"","format":"standard","meta":{"footnotes":""},"categories":[7],"tags":[12,35,21,13,25],"class_list":["post-12635","post","type-post","status-publish","format-standard","hentry","category-fc-schalke-04","tag-bundesliga","tag-champions-league","tag-fussball","tag-schalke","tag-sport"],"_links":{"self":[{"href":"http:\/\/www.joerglipinski.de\/blog\/wp-json\/wp\/v2\/posts\/12635","targetHints":{"allow":["GET"]}}],"collection":[{"href":"http:\/\/www.joerglipinski.de\/blog\/wp-json\/wp\/v2\/posts"}],"about":[{"href":"http:\/\/www.joerglipinski.de\/blog\/wp-json\/wp\/v2\/types\/post"}],"author":[{"embeddable":true,"href":"http:\/\/www.joerglipinski.de\/blog\/wp-json\/wp\/v2\/users\/2"}],"replies":[{"embeddable":true,"href":"http:\/\/www.joerglipinski.de\/blog\/wp-json\/wp\/v2\/comments?post=12635"}],"version-history":[{"count":34,"href":"http:\/\/www.joerglipinski.de\/blog\/wp-json\/wp\/v2\/posts\/12635\/revisions"}],"predecessor-version":[{"id":21519807,"href":"http:\/\/www.joerglipinski.de\/blog\/wp-json\/wp\/v2\/posts\/12635\/revisions\/21519807"}],"wp:attachment":[{"href":"http:\/\/www.joerglipinski.de\/blog\/wp-json\/wp\/v2\/media?parent=12635"}],"wp:term":[{"taxonomy":"category","embeddable":true,"href":"http:\/\/www.joerglipinski.de\/blog\/wp-json\/wp\/v2\/categories?post=12635"},{"taxonomy":"post_tag","embeddable":true,"href":"http:\/\/www.joerglipinski.de\/blog\/wp-json\/wp\/v2\/tags?post=12635"}],"curies":[{"name":"wp","href":"https:\/\/api.w.org\/{rel}","templated":true}]}}