{"id":1194559,"date":"2015-06-07T00:01:11","date_gmt":"2015-06-06T22:01:11","guid":{"rendered":"http:\/\/www.joerglipinski.de\/blog\/?p=1194559"},"modified":"2022-10-18T09:54:37","modified_gmt":"2022-10-18T07:54:37","slug":"s04-wilmots-oder-nicht-wilmots","status":"publish","type":"post","link":"http:\/\/www.joerglipinski.de\/blog\/s04-wilmots-oder-nicht-wilmots\/","title":{"rendered":"S04: Wilmots oder nicht Wilmots?"},"content":{"rendered":"<p>Seit dem Ende der Saison kristallisiert sich offenbar immer mehr der Ex-Schalker und jetzige belgische Nationaltrainer <a href=\"http:\/\/de.wikipedia.org\/wiki\/Marc_Wilmots\" target=\"_blank\" rel=\"noopener\">Marc Wilmots<\/a> als Wunschkandidat der Schalker Verantwortlichen f\u00fcr die vakante Stelle des \u00dcbungsleiters heraus.<\/p>\n<p><Center><a title=\"Marc Wilmots als Trainer der belgischen Nationalmannschaft von Delval Lo\u00efc (Own work) [CC BY-SA 3.0 (http:\/\/creativecommons.org\/licenses\/by-sa\/3.0)], via Wikimedia Commons\" href=\"http:\/\/commons.wikimedia.org\/wiki\/File%3AMarc_Wilmots_(cropped).JPG\"><img decoding=\"async\" width=\"312\" alt=\"Marc Wilmots (cropped)\" src=\"\/\/upload.wikimedia.org\/wikipedia\/commons\/thumb\/4\/48\/Marc_Wilmots_%28cropped%29.JPG\/512px-Marc_Wilmots_%28cropped%29.JPG\"\/><\/a><\/Center><\/p>\n<p><a href=\"http:\/\/www.bild.de\/sport\/fussball\/schalke\/euro-fighter-sicher-wilmots-kann-schalke-41172208.bild.html\" target=\"_blank\" rel=\"noopener\">BILD: Wilmots kann Schalke!<\/a> und <a href=\"http:\/\/www.derwesten.de\/sport\/fussball\/s04\/marc-wilmots-bestaetigt-kontakt-zum-fc-schalke-04-id10722539.html\" target=\"_blank\" rel=\"noopener\">WAZ: Marc Wilmots best\u00e4tigt Kontakt zum FC Schalke 04<\/a>: im Bl\u00e4tterwald der Medien rauscht es bereits gewaltig, und offenbar hat der fr\u00fcher als &#8222;Willi das Kampfschwein&#8220; titulierte &#8222;Eurofighter&#8220; alle anderen Konkurrenten fast schon aus dem Feld geschlagen.<\/p>\n<p><!--more Weiterlesen...--><\/p>\n<p>Selbst die Belgier scheinen nicht mehr an eine weitere Zukunft mit Wilmots als &#8222;Bondscoach&#8220; zu glauben, ist doch die Nachfolgediskussion dem Vernehmen nach schon im Gange. Noch ist allerdings nicht wirklich klar, wie sich Wilmots entscheiden wird. Bis nach den beiden L\u00e4nderspielen der Belgier gegen Frankreich (7. Juni) und Wales (12. Juni) hat er sich eine Bedenkzeit ausbedungen. Sein Vertrag l\u00e4uft noch bis 2018, doch dank einer Ausstiegsklausel k\u00f6nnte er f\u00fcr eine Abl\u00f6se von einer Million Euro die &#8222;Roten Teufel&#8220; vorzeitig verlassen.<\/p>\n<p>Wilmots war bereits einmal 2003 Trainer beim FC Schalke 04, allerdings nur f\u00fcr acht Spiele. Seine einzige andere Erfahrung als Vereinstrainer stammt aus der Saison 2004\/2005, als er den belgischen Erstligisten <a href=\"http:\/\/de.wikipedia.org\/wiki\/VV_St._Truiden\" target=\"_blank\" rel=\"noopener\">VV St. Truiden<\/a> betreute, ihn aber in Abstiegsgefahr brachte und deshalb vorzeitig entlassen wurde.<\/p>\n<p>Damit w\u00e4ren wir auch bei der meiner Ansicht nach gr\u00f6\u00dften Schw\u00e4che von Marc Wilmots. Sicherlich ist er auf Schalke als Mitglied der Jahrhundert-Mannschaft so etwas wie eine lebende Legende, und seine k\u00e4mpferische Einstellung wohl \u00fcber jeden Zweifel erhaben. Auch seine bisherige Arbeit mit der belgischen Nationalelf n\u00f6tigt Respekt ab, das Erreichen des Viertelfinals bei der WM 2014 in Brasilien sorgte international f\u00fcr erhebliches Aufsehen.<\/p>\n<p>Doch die Knappen br\u00e4uchten jetzt eigentlich einen erfahrenen Liga-Coach, der auch mit einer schwierigeren Mannschaft wie dem momentanen Profikader der Schalker gut umgehen k\u00f6nnen m\u00fcsste. Bei Wilmots sehe ich gerade da aufgrund seiner Vita aber noch erhebliche M\u00e4ngel, fehlt ihm doch fast jegliche Praxis aus der t\u00e4glichen Klubarbeit. <\/p>\n<p>Skeptisch bin ich allerdings auch, ob er \u00fcberhaupt kommen wird. Mit den &#8222;Roten Teufeln&#8220; trainiert er momentan eine der besten europ\u00e4ischen (vielleicht auch weltweiten) Nationalmannschaften mit mehr als gl\u00e4nzenden Perspektiven. Die Truppe um die Topstars Kevin de Bruyne, Eden Hazard, Marouane Fellaini und Romelu Lukaku z\u00e4hlt zu den Mitfavoriten f\u00fcr die Europameisterschaft 2016 in Frankreich.<\/p>\n<p>Ob Marc Wilmots das alles f\u00fcr den doch recht unsicheren Trainerstuhl in Gelsenkirchen tats\u00e4chlich aufgeben will? Man darf gespannt sein, wie seine Entscheidung Mitte des Monats ausfallen wird. Ich zumindest w\u00fcrde ihm trotz der oben genannten Vorbehalte gerne eine Chance auf Schalke einr\u00e4umen wollen, da er doch eine sehr starke Integrationsfigur darstellt, die wir im Moment auch dringend n\u00f6tig h\u00e4tten. <\/p>\n<p>Der Kaderumbau von Horst Heldt findet derweil weiter ohne Beteiligung eines Trainers statt:<br \/>\nDie Abg\u00e4nge von Jan Kirchhoff (Leihe vom FC Bayern), Chinedu Obasi, Tranquillo Barnetta, Christian Fuchs (Ziel unbekannt, alle Vertr\u00e4ge liefen aus), Christian Wetklo (zur eigenen U23), Sidney Sam und Kevin-Prince Boateng (beide sind suspendiert und sollen verkauft werden) stehen praktisch fest, Kyriakos Papadopoulos wird wohl an Bayer Leverkusen verkauft werden, Donis Avdijaj (spielt bis 2016 bei Sturm Graz, S04 k\u00f6nnte ihn aber im Winter wieder zur\u00fcckholen) und Christian Clemens (bis 2016 beim FSV Mainz 05) werden weiter ausgeliehen. Daf\u00fcr kehrt Felipe Santana wieder zur\u00fcck von Olympiakos Pir\u00e4us. <\/p>\n<p>Ich bin mal gespannt, was da noch folgen wird. Meiner Ansicht nach w\u00e4ren auch Roman Neust\u00e4dter und Dennis Aogo aufgrund ihrer eher unterirdischen Leistungen Kandidaten f\u00fcr ein Farewell. \u00dcber meine Bedenken zu dem in Gelsenkirchen weiter (momentan wohl auch notgedrungen) verfolgten Managersystem hatte ich ja bereits in meinem <a href=\"http:\/\/www.joerglipinski.de\/blog\/seht-ihr-profis-so-wird-das-gemacht\/\" target=\"_blank\" rel=\"noopener\">letzten Beitrag etwas geschrieben<\/a>. <\/p>\n<p>Bei eventuellen Neuzug\u00e4ngen hat sich inzwischen Bayerns Rechtsverteidiger Mitchell Weiser in den Vordergrund geschoben, w\u00e4hrend der schon l\u00e4nger gehandelte D\u00fcsseldorfer St\u00fcrmer Charlison Benshop sich nun f\u00fcr Hannover entschieden hat. Genannt werden in der Ger\u00fcchtek\u00fcche auch die Namen Maxi Arnold (Wolfsburg), Johannes Geis (Mainz, der wohl seinem bisherigen Trainer Thomas Tuchel folgen wird), Martin Harnik (Stuttgart) und Jonas Hector (K\u00f6ln).<\/p>\n<p>Der Transfer von Sami Khedira, dessen  m\u00f6gliches Zustandekommen in den letzten Wochen das Schalker Fan-Lager stark gespalten hatte, scheint dagegen offenbar gescheitert zu sein, <a href=\"http:\/\/www.fussballtransfers.com\/serie-a\/schalke-aus-dem-rennen-khedira-unterschreibt-bei-juve_54365\" target=\"_blank\" rel=\"noopener\">Medienberichten<\/a> zufolge soll der Nationalspieler bei Juventus Turin unterschrieben haben. <\/p>\n<p>Nur unterdr\u00fcckt ist indes momentan der \u00c4rger vieler Anh\u00e4nger \u00fcber Manager Horst Heldt, die Trainerflops Jens Keller und Roberto Di Matteo sowie viele gescheiterte Transfers liegen ihnen noch schwer auf der Seele. W\u00e4hrend der Aufsichtsratsvorsitzende Clemens T\u00f6nnies wohl weiterhin an ihm festhalten will und ihm mit der Vorbereitung auf die neue Saison anscheinend noch eine letzte Chance gegeben hat, <a href=\"http:\/\/www.schalker-block5.de\/index.php?page=Thread&#038;threadID=29085\" target=\"_blank\" rel=\"noopener\">brodelt es  in Teilen der Schalker Fanszene<\/a> gewaltig. Dazu wartet am Horizont noch die diesj\u00e4hrige Mitglieder- versammlung.<\/p>\n<p>Offenbar steht uns noch im wahrsten Sinne des Wortes ein hei\u00dfer Sommer bevor&#8230;<\/p>","protected":false},"excerpt":{"rendered":"<p>Seit dem Ende der Saison kristallisiert sich offenbar immer mehr der Ex-Schalker und jetzige belgische Nationaltrainer Marc Wilmots als Wunschkandidat der Schalker Verantwortlichen f\u00fcr die vakante Stelle des \u00dcbungsleiters heraus. BILD: Wilmots kann Schalke! und WAZ: Marc Wilmots best\u00e4tigt Kontakt<\/p>\n","protected":false},"author":2,"featured_media":0,"comment_status":"closed","ping_status":"closed","sticky":false,"template":"","format":"standard","meta":{"footnotes":""},"categories":[7],"tags":[12,21,13,25],"class_list":["post-1194559","post","type-post","status-publish","format-standard","hentry","category-fc-schalke-04","tag-bundesliga","tag-fussball","tag-schalke","tag-sport"],"_links":{"self":[{"href":"http:\/\/www.joerglipinski.de\/blog\/wp-json\/wp\/v2\/posts\/1194559","targetHints":{"allow":["GET"]}}],"collection":[{"href":"http:\/\/www.joerglipinski.de\/blog\/wp-json\/wp\/v2\/posts"}],"about":[{"href":"http:\/\/www.joerglipinski.de\/blog\/wp-json\/wp\/v2\/types\/post"}],"author":[{"embeddable":true,"href":"http:\/\/www.joerglipinski.de\/blog\/wp-json\/wp\/v2\/users\/2"}],"replies":[{"embeddable":true,"href":"http:\/\/www.joerglipinski.de\/blog\/wp-json\/wp\/v2\/comments?post=1194559"}],"version-history":[{"count":36,"href":"http:\/\/www.joerglipinski.de\/blog\/wp-json\/wp\/v2\/posts\/1194559\/revisions"}],"predecessor-version":[{"id":1237104,"href":"http:\/\/www.joerglipinski.de\/blog\/wp-json\/wp\/v2\/posts\/1194559\/revisions\/1237104"}],"wp:attachment":[{"href":"http:\/\/www.joerglipinski.de\/blog\/wp-json\/wp\/v2\/media?parent=1194559"}],"wp:term":[{"taxonomy":"category","embeddable":true,"href":"http:\/\/www.joerglipinski.de\/blog\/wp-json\/wp\/v2\/categories?post=1194559"},{"taxonomy":"post_tag","embeddable":true,"href":"http:\/\/www.joerglipinski.de\/blog\/wp-json\/wp\/v2\/tags?post=1194559"}],"curies":[{"name":"wp","href":"https:\/\/api.w.org\/{rel}","templated":true}]}}